{"id":153468,"date":"2020-02-15T07:44:52","date_gmt":"2020-02-15T10:44:52","guid":{"rendered":"http:\/\/www.caririemacao.com\/1\/?p=153468"},"modified":"2020-02-15T07:44:54","modified_gmt":"2020-02-15T10:44:54","slug":"paraiba-encerra-2019-com-a-2a-menor-taxa-de-desocupados-do-nordeste-revela-ibge","status":"publish","type":"post","link":"https:\/\/www.caririemacao.com\/1\/2020\/02\/15\/paraiba-encerra-2019-com-a-2a-menor-taxa-de-desocupados-do-nordeste-revela-ibge\/","title":{"rendered":"Para\u00edba encerra 2019 com a 2\u00aa menor taxa de desocupados do Nordeste, revela IBGE"},"content":{"rendered":"\n<p>Com cen\u00e1rio ainda de lenta recupera\u00e7\u00e3o econ\u00f4mica do Pa\u00eds, a Para\u00edba encerrou o ano de 2019 com a 2\u00aa menor taxa de desocupa\u00e7\u00e3o entre os nove Estados da Regi\u00e3o Nordeste. A pesquisa divulgada nesta sexta-feira (14) pelo Instituto Brasileiro de Geografia e Estat\u00edstica (IBGE), por meio da PNAD Cont\u00ednua (Pesquisa Nacional por Amostra de Domic\u00edlios), mostra que a taxa de desocupados encerrou o 4\u00ba trimestre, referente aos meses de outubro, novembro e dezembro do ano passado, com \u00edndice de 12,1%. A taxa paraibana manteve o mesmo percentual do 4\u00ba trimestre de 2018.<\/p>\n\n\n\n<p>No ranking do Nordeste no 4\u00ba trimestre de 2019, as taxas da Para\u00edba (12,1%) e do Maranh\u00e3o (12,1%) ficaram com o mesmo \u00edndice, atr\u00e1s apenas do Cear\u00e1 (10,1%). Os demais Estados v\u00eam na sequ\u00eancia: Rio Grande do Norte (12,6%); Piau\u00ed (13%); Alagoas (13,6%), enquanto Pernambuco (14%); Sergipe (14,8%); e o da Bahia (16,4%), que continua coma taxa mais alta de desocupados da Regi\u00e3o, encerraram com taxas superiores \u00e0 da pr\u00f3pria m\u00e9dia da Regi\u00e3o Nordeste (13,6%), que permanece sendo a maior entre as cinco regi\u00f5es do Pa\u00eds no \u00edndice de desocupados.<br>&nbsp;<br>Com 12,1%, a Para\u00edba tem a 13\u00ba menor taxa de desocupados do Pa\u00eds. Os Estados da Bahia (16,4%) e Amap\u00e1 (15,6%) continuam com as maiores taxas do Pa\u00eds, enquanto Santa Catarina (5,3%) e Mato Grosso (6,4%) as menores. A taxa de desocupa\u00e7\u00e3o do pa\u00eds no 4\u00ba trimestre de 2019 foi de 11%.<br>&nbsp;<br>No Cen\u00e1rio das regi\u00f5es, as regi\u00f5es Sul (6,8%) e Centro-Oeste (9,3%) t\u00eam as menores taxas do Pa\u00eds, enquanto Norte (10,6%) e Sudeste (11,4%) t\u00eam \u00edndices intermedi\u00e1rios, enquanto o Nordeste (14,4%) a maior do pa\u00eds.<br>&nbsp;<br>O IBGE classifica como pessoas desocupadas aquelas que n\u00e3o estavam trabalhando, mas estavam dispon\u00edveis para trabalhar e tamb\u00e9m tomaram alguma provid\u00eancia efetiva para conseguir trabalho nos trinta dias anteriores \u00e0 semana em que responderam \u00e0 pesquisa (consultando pessoas, jornais, etc.).<\/p>\n","protected":false},"excerpt":{"rendered":"<p>Com cen\u00e1rio ainda de lenta recupera\u00e7\u00e3o econ\u00f4mica do Pa\u00eds, a Para\u00edba encerrou o ano de 2019 com a 2\u00aa menor taxa de desocupa\u00e7\u00e3o entre os&hellip; <\/p>\n","protected":false},"author":2,"featured_media":153469,"comment_status":"closed","ping_status":"closed","sticky":false,"template":"","format":"standard","meta":{"sfsi_plus_gutenberg_text_before_share":"","sfsi_plus_gutenberg_show_text_before_share":"","sfsi_plus_gutenberg_icon_type":"","sfsi_plus_gutenberg_icon_alignemt":"","sfsi_plus_gutenburg_max_per_row":"","footnotes":""},"categories":[50,2],"tags":[],"class_list":["post-153468","post","type-post","status-publish","format-standard","has-post-thumbnail","hentry","category-destaque","category-geral"],"_links":{"self":[{"href":"https:\/\/www.caririemacao.com\/1\/wp-json\/wp\/v2\/posts\/153468","targetHints":{"allow":["GET"]}}],"collection":[{"href":"https:\/\/www.caririemacao.com\/1\/wp-json\/wp\/v2\/posts"}],"about":[{"href":"https:\/\/www.caririemacao.com\/1\/wp-json\/wp\/v2\/types\/post"}],"author":[{"embeddable":true,"href":"https:\/\/www.caririemacao.com\/1\/wp-json\/wp\/v2\/users\/2"}],"replies":[{"embeddable":true,"href":"https:\/\/www.caririemacao.com\/1\/wp-json\/wp\/v2\/comments?post=153468"}],"version-history":[{"count":1,"href":"https:\/\/www.caririemacao.com\/1\/wp-json\/wp\/v2\/posts\/153468\/revisions"}],"predecessor-version":[{"id":153470,"href":"https:\/\/www.caririemacao.com\/1\/wp-json\/wp\/v2\/posts\/153468\/revisions\/153470"}],"wp:featuredmedia":[{"embeddable":true,"href":"https:\/\/www.caririemacao.com\/1\/wp-json\/wp\/v2\/media\/153469"}],"wp:attachment":[{"href":"https:\/\/www.caririemacao.com\/1\/wp-json\/wp\/v2\/media?parent=153468"}],"wp:term":[{"taxonomy":"category","embeddable":true,"href":"https:\/\/www.caririemacao.com\/1\/wp-json\/wp\/v2\/categories?post=153468"},{"taxonomy":"post_tag","embeddable":true,"href":"https:\/\/www.caririemacao.com\/1\/wp-json\/wp\/v2\/tags?post=153468"}],"curies":[{"name":"wp","href":"https:\/\/api.w.org\/{rel}","templated":true}]}}