{"id":153473,"date":"2020-02-15T07:46:58","date_gmt":"2020-02-15T10:46:58","guid":{"rendered":"http:\/\/www.caririemacao.com\/1\/?p=153473"},"modified":"2020-02-15T07:47:00","modified_gmt":"2020-02-15T10:47:00","slug":"bolsonaro-diz-que-sua-familia-e-atacada-o-tempo-todo-e-que-reeleicao-e-natural","status":"publish","type":"post","link":"https:\/\/www.caririemacao.com\/1\/2020\/02\/15\/bolsonaro-diz-que-sua-familia-e-atacada-o-tempo-todo-e-que-reeleicao-e-natural\/","title":{"rendered":"Bolsonaro diz que sua fam\u00edlia \u00e9 atacada o tempo todo e que reelei\u00e7\u00e3o &#8216;\u00e9 natural&#8217;"},"content":{"rendered":"\n<p>No Par\u00e1, o presidente Jair Bolsonaro afirmou que sua fam\u00edlia &#8220;\u00e9 atacada o tempo todo&#8221; e que a reelei\u00e7\u00e3o &#8220;\u00e9 natural&#8221;.<\/p>\n\n\n\n<p>Bolsonaro, que deixou o evento sem falar com jornalistas, participou da inaugura\u00e7\u00e3o nesta sexta-feira (14) da pavimenta\u00e7\u00e3o de um trecho de 51 quil\u00f4metros da BR-163, entre Mato Grosso e os portos de Miritituba, no Par\u00e1.<\/p>\n\n\n\n<p>A obra, iniciada no governo Michel Temer, foi tocada pelo Ex\u00e9rcito e pelo Dnit (Departamento Nacional de Infraestrutura de Transportes).<\/p>\n\n\n\n<p>&#8220;Governar \u00e9 eleger prioridades e n\u00e3o deixar obras paradas nem inventar obras para aparecer e se reeleger l\u00e1 na frente. Eu n\u00e3o estou preocupado com a reelei\u00e7\u00e3o. Reelei\u00e7\u00e3o \u00e9 algo natural, se voc\u00ea trabalhar ela vem&#8221;, disse o presidente.<\/p>\n\n\n\n<p>N\u00e3o \u00e9 a primeira vez que o presidente menciona a reelei\u00e7\u00e3o. Em julho do ano passado, Bolsonaro disse que entregaria um pa\u00eds melhor a quem suced\u00ea-lo em 2026.<\/p>\n\n\n\n<p>&#8220;N\u00e3o \u00e9 f\u00e1cil querer fazer a coisa certa neste pa\u00eds. Lembro do [jornalista] Alexandre Garcia, que h\u00e1 poucos dias fez um coment\u00e1rio sobre levar para o Jap\u00e3o os 210 milh\u00f5es de brasileiros e trazer para c\u00e1 135 milh\u00f5es de japoneses. Daqui a 10 anos, como estaria o Jap\u00e3o e como estaria o Brasil? A conclus\u00e3o \u00e9 de voc\u00eas.&#8221;<\/p>\n\n\n\n<p>Em Altamira (PA), Bolsonaro discursou no marco zero da rodovia, onde o ent\u00e3o presidente Ernesto Geisel inaugurou 3.500 quil\u00f4metros de extens\u00e3o em 1976.<\/p>\n\n\n\n<p>A estrada, importante via de escoamento de produ\u00e7\u00e3o para o agroneg\u00f3cio, ainda tem trechos sem asfalto que somam mais de 50 quil\u00f4metros entre Itaituba (PA) e Santar\u00e9m (PA). O Minist\u00e9rio da Infraestrutura prev\u00ea terminar a pavimenta\u00e7\u00e3o ainda neste ano.<\/p>\n\n\n\n<p>Aplaudido por uma plateia de apoiadores e militares, Bolsonaro discursou por 15 minutos. Ele lembrou que estava no terceiro ano de forma\u00e7\u00e3o da Academia Militar das Agulhas Negras quando Geisel inaugurou a estrada.<\/p>\n\n\n\n<p>Segundo o governo federal, al\u00e9m do pavimento, a BR-163 recebeu manuten\u00e7\u00e3o em 1.300 quil\u00f4metros entre Sinop (MT) e Santar\u00e9m (MT).<\/p>\n\n\n\n<p>A reportagem percorreu 390 quil\u00f4metros entre Sinop e Cachoeira da Serra. O trecho, no qual predomina a circula\u00e7\u00e3o de caminh\u00f5es que transportam gr\u00e3os, tem pista simples e sem acostamento em quase toda a sua extens\u00e3o.<\/p>\n\n\n\n<p>Nas \u00e1reas em que existe acostamento, h\u00e1 desn\u00edvel e irregularidades no asfalto. Na manh\u00e3 desta sexta-feira, a reportagem encontrou duas equipes do Dnit trabalhando nas proximidades de Cachoeira da Serra (PA). Uma delas atuava na recupera\u00e7\u00e3o do asfalto da via.<\/p>\n\n\n\n<p>Bolsonaro reafirmou que n\u00e3o haver\u00e1 demarca\u00e7\u00e3o de terras ind\u00edgenas em seu governo.<\/p>\n\n\n\n<p>&#8220;J\u00e1 temos 14% do territ\u00f3rio nacional demarcado como terra ind\u00edgena. Criaram uma verdadeira ind\u00fastria da demarca\u00e7\u00e3o.&#8221;<\/p>\n\n\n\n<p>Sem apresentar evid\u00eancias, ele disse ainda que a pol\u00edtica de demarca\u00e7\u00e3o de \u00e1reas ind\u00edgenas de governos anteriores atendeu a interesses estrangeiros.<\/p>\n","protected":false},"excerpt":{"rendered":"<p>No Par\u00e1, o presidente Jair Bolsonaro afirmou que sua fam\u00edlia &#8220;\u00e9 atacada o tempo todo&#8221; e que a reelei\u00e7\u00e3o &#8220;\u00e9 natural&#8221;. Bolsonaro, que deixou o&hellip; <\/p>\n","protected":false},"author":2,"featured_media":153191,"comment_status":"closed","ping_status":"closed","sticky":false,"template":"","format":"standard","meta":{"sfsi_plus_gutenberg_text_before_share":"","sfsi_plus_gutenberg_show_text_before_share":"","sfsi_plus_gutenberg_icon_type":"","sfsi_plus_gutenberg_icon_alignemt":"","sfsi_plus_gutenburg_max_per_row":"","footnotes":""},"categories":[12],"tags":[],"class_list":["post-153473","post","type-post","status-publish","format-standard","has-post-thumbnail","hentry","category-policia"],"_links":{"self":[{"href":"https:\/\/www.caririemacao.com\/1\/wp-json\/wp\/v2\/posts\/153473","targetHints":{"allow":["GET"]}}],"collection":[{"href":"https:\/\/www.caririemacao.com\/1\/wp-json\/wp\/v2\/posts"}],"about":[{"href":"https:\/\/www.caririemacao.com\/1\/wp-json\/wp\/v2\/types\/post"}],"author":[{"embeddable":true,"href":"https:\/\/www.caririemacao.com\/1\/wp-json\/wp\/v2\/users\/2"}],"replies":[{"embeddable":true,"href":"https:\/\/www.caririemacao.com\/1\/wp-json\/wp\/v2\/comments?post=153473"}],"version-history":[{"count":1,"href":"https:\/\/www.caririemacao.com\/1\/wp-json\/wp\/v2\/posts\/153473\/revisions"}],"predecessor-version":[{"id":153474,"href":"https:\/\/www.caririemacao.com\/1\/wp-json\/wp\/v2\/posts\/153473\/revisions\/153474"}],"wp:featuredmedia":[{"embeddable":true,"href":"https:\/\/www.caririemacao.com\/1\/wp-json\/wp\/v2\/media\/153191"}],"wp:attachment":[{"href":"https:\/\/www.caririemacao.com\/1\/wp-json\/wp\/v2\/media?parent=153473"}],"wp:term":[{"taxonomy":"category","embeddable":true,"href":"https:\/\/www.caririemacao.com\/1\/wp-json\/wp\/v2\/categories?post=153473"},{"taxonomy":"post_tag","embeddable":true,"href":"https:\/\/www.caririemacao.com\/1\/wp-json\/wp\/v2\/tags?post=153473"}],"curies":[{"name":"wp","href":"https:\/\/api.w.org\/{rel}","templated":true}]}}