{"id":153479,"date":"2020-02-15T08:12:24","date_gmt":"2020-02-15T11:12:24","guid":{"rendered":"http:\/\/www.caririemacao.com\/1\/?p=153479"},"modified":"2020-02-15T08:12:25","modified_gmt":"2020-02-15T11:12:25","slug":"prefeitura-de-amparo-realiza-campanha-de-vacinacao-contra-o-sarampo","status":"publish","type":"post","link":"https:\/\/www.caririemacao.com\/1\/2020\/02\/15\/prefeitura-de-amparo-realiza-campanha-de-vacinacao-contra-o-sarampo\/","title":{"rendered":"Prefeitura de Amparo realiza campanha de vacina\u00e7\u00e3o contra o sarampo"},"content":{"rendered":"\n<p><br>A Prefeitura de Amparo, atrav\u00e9s da Secretaria de Sa\u00fade, est\u00e1 realizando a campanha de vacina\u00e7\u00e3o contra o sarampo no munic\u00edpio.<\/p>\n\n\n\n<p>A campanha nacional acontece at\u00e9 o dia 13 de mar\u00e7o. Em Amparo a \u00a0vacina\u00e7\u00e3o acontece em todas as unidades b\u00e1sicas de sa\u00fade e no departamento de Vigil\u00e2ncia em Sa\u00fade, sendo realizado no dia 15 de fevereiro \u00a0o dia \u201cD\u201d da campanha, \u00a0onde todos os postos estar\u00e3o atendendo a partir das 08 horas.<\/p>\n\n\n\n<p>A iniciativa do Minist\u00e9rio da Sa\u00fade \u00e9 destinada para pessoas de 5 a 19 anos de idade, que ainda n\u00e3o tomaram as duas doses indicadas para a faixa et\u00e1ria.<\/p>\n\n\n\n<p>A Secretaria de Sa\u00fade do munic\u00edpio alerta, que todas as pessoas que perderam a carteirinha de vacina\u00e7\u00e3o ou n\u00e3o t\u00eam registro das doses procurem o Centro de Sa\u00fade para atualizar o esquema vacinal.<\/p>\n\n\n\n<p>Quem tem at\u00e9 29 anos deve ter duas doses comprovadas em carteira de vacina\u00e7\u00e3o e dos 30 aos 59 anos, a recomenda\u00e7\u00e3o do Minist\u00e9rio da Sa\u00fade \u00e9 de uma dose.<\/p>\n","protected":false},"excerpt":{"rendered":"<p>A Prefeitura de Amparo, atrav\u00e9s da Secretaria de Sa\u00fade, est\u00e1 realizando a campanha de vacina\u00e7\u00e3o contra o sarampo no munic\u00edpio. A campanha nacional acontece at\u00e9&hellip; <\/p>\n","protected":false},"author":1,"featured_media":153480,"comment_status":"closed","ping_status":"closed","sticky":false,"template":"","format":"standard","meta":{"sfsi_plus_gutenberg_text_before_share":"","sfsi_plus_gutenberg_show_text_before_share":"","sfsi_plus_gutenberg_icon_type":"","sfsi_plus_gutenberg_icon_alignemt":"","sfsi_plus_gutenburg_max_per_row":"","footnotes":""},"categories":[6,50],"tags":[],"class_list":["post-153479","post","type-post","status-publish","format-standard","has-post-thumbnail","hentry","category-cidades","category-destaque"],"_links":{"self":[{"href":"https:\/\/www.caririemacao.com\/1\/wp-json\/wp\/v2\/posts\/153479","targetHints":{"allow":["GET"]}}],"collection":[{"href":"https:\/\/www.caririemacao.com\/1\/wp-json\/wp\/v2\/posts"}],"about":[{"href":"https:\/\/www.caririemacao.com\/1\/wp-json\/wp\/v2\/types\/post"}],"author":[{"embeddable":true,"href":"https:\/\/www.caririemacao.com\/1\/wp-json\/wp\/v2\/users\/1"}],"replies":[{"embeddable":true,"href":"https:\/\/www.caririemacao.com\/1\/wp-json\/wp\/v2\/comments?post=153479"}],"version-history":[{"count":1,"href":"https:\/\/www.caririemacao.com\/1\/wp-json\/wp\/v2\/posts\/153479\/revisions"}],"predecessor-version":[{"id":153481,"href":"https:\/\/www.caririemacao.com\/1\/wp-json\/wp\/v2\/posts\/153479\/revisions\/153481"}],"wp:featuredmedia":[{"embeddable":true,"href":"https:\/\/www.caririemacao.com\/1\/wp-json\/wp\/v2\/media\/153480"}],"wp:attachment":[{"href":"https:\/\/www.caririemacao.com\/1\/wp-json\/wp\/v2\/media?parent=153479"}],"wp:term":[{"taxonomy":"category","embeddable":true,"href":"https:\/\/www.caririemacao.com\/1\/wp-json\/wp\/v2\/categories?post=153479"},{"taxonomy":"post_tag","embeddable":true,"href":"https:\/\/www.caririemacao.com\/1\/wp-json\/wp\/v2\/tags?post=153479"}],"curies":[{"name":"wp","href":"https:\/\/api.w.org\/{rel}","templated":true}]}}