{"id":153487,"date":"2020-02-15T08:20:00","date_gmt":"2020-02-15T11:20:00","guid":{"rendered":"http:\/\/www.caririemacao.com\/1\/?p=153487"},"modified":"2020-02-15T08:20:02","modified_gmt":"2020-02-15T11:20:02","slug":"caraubas-selo-unicef-comissao-intersetorial-se-reune-e-traca-plano-de-acao-para-importante-conquista","status":"publish","type":"post","link":"https:\/\/www.caririemacao.com\/1\/2020\/02\/15\/caraubas-selo-unicef-comissao-intersetorial-se-reune-e-traca-plano-de-acao-para-importante-conquista\/","title":{"rendered":"Cara\u00fabas, Selo UNICEF: Comiss\u00e3o intersetorial se re\u00fane e tra\u00e7a plano de a\u00e7\u00e3o para importante conquista"},"content":{"rendered":"\n<p>A Comiss\u00e3o Intersetorial do Selo UNICEF do munic\u00edpio de Cara\u00fabas se reuniu na manh\u00e3 desta quinta-feira, dia 13 de Fevereiro com o objetivo de tra\u00e7ar o Plano de A\u00e7\u00e3o para o ano de 2020, considerado o principal exerc\u00edcio para que o munic\u00edpio seja contemplado com o selo UNICEF.<\/p>\n\n\n\n<p>A reuni\u00e3o foi coordenada por Lindailda Lima(Preta) articuladora do selo no munic\u00edpio de Cara\u00fabas. Estiveram presentes representantes das secretarias da Educa\u00e7\u00e3o na pessoa do professor Tiago Vasconcelos, a secret\u00e1ria da Assist\u00eancia Social, Fl\u00e1via Quirino, o adjunto Patrick Batista, assistente social Luzineide Costa, as conselheiras tutelares Ziene Salvador e Raquel Daiane, a presidente do CMDCA, Keyla Menezes e a Assistente Social Edilma de Queiroz Cavalcanti do CRAS de Cara\u00fabas.<\/p>\n\n\n\n<p>De acordo com Lindailda Lima v\u00e1rias a\u00e7\u00f5es desde 2017, quando o munic\u00edpio fez a ades\u00e3o ao Selo UNICEF, j\u00e1 foram realizadas pelo munic\u00edpio, com destaque para a realiza\u00e7\u00e3o da Semana do Beb\u00ea que dever\u00e1 se tornar um evento permanente no munic\u00edpio, a partir deste ano. Tamb\u00e9m foram realizadas capacita\u00e7\u00f5es entre 2018 e 2020 para as equipes de sa\u00fade, assist\u00eancia social e educa\u00e7\u00e3o no tema fortalecimento das compet\u00eancias familiares na primeira inf\u00e2ncia.<\/p>\n\n\n\n<p>Outras a\u00e7\u00f5es importantes e que contam com a participa\u00e7\u00e3o de v\u00e1rios setores p\u00fablicos e secretarias municipais como as da sa\u00fade, educa\u00e7\u00e3o e assist\u00eancia social tamb\u00e9m foram desenvolvidas, a exemplo, do registro das a\u00e7\u00f5es tomadas pela gest\u00e3o municipal da rede para atender aos resultados da auto avalia\u00e7\u00e3o das escolas no sistema de monitoramento de atividades do Selo UNICEF.<\/p>\n\n\n\n<p>Na \u00e1rea da sa\u00fade foi realizado o diagn\u00f3stico municipal sobre mortes de adolescentes por causas externas, identificando os casos de homic\u00eddios, suic\u00eddios, acidentes ou outro elaborado. Tamb\u00e9m foi realizada capacita\u00e7\u00e3o de capacita\u00e7\u00e3o de professores sobre direitos sexuais e reprodutivos, incluindo sugest\u00f5es de atividades e metodologias que visem a redu\u00e7\u00e3o da gravidez na adolesc\u00eancia e preven\u00e7\u00e3o das Infec\u00e7\u00f5es Sexualmente Transmiss\u00edveis (ISTs) e Aids, com conte\u00fados adequados \u00e0s s\u00e9ries escolares.<\/p>\n\n\n\n<p>Para este ano ainda nos falta muitas a\u00e7\u00f5es e por isso realizamos neste dia de hoje esta reuni\u00e3o com o objetivo de repassar o Plano de A\u00e7\u00e3o para que possamos nos prazos estipulados cumprir todas as metas\/a\u00e7\u00f5es. Iniciaremos por uma busca ativa em parceria com os ACS.<\/p>\n\n\n\n<p>At\u00e9 o fim deste ano, queremos deixar Cara\u00fabas pronta e com todas as a\u00e7\u00f5es cumprida para receber o t\u00e3o sonhado selo UNICEF se tornando munic\u00edpio AMIGO DA CRIAN\u00c7A, concluiu a articuladora Lindailda Lima.<br><\/p>\n\n\n\n<p>Fonte:\u00a0<strong>SEPLACOM<\/strong><\/p>\n\n\n\n<p>Foto:\u00a0<strong>Aparecida Alves<\/strong><\/p>\n","protected":false},"excerpt":{"rendered":"<p>A Comiss\u00e3o Intersetorial do Selo UNICEF do munic\u00edpio de Cara\u00fabas se reuniu na manh\u00e3 desta quinta-feira, dia 13 de Fevereiro com o objetivo de tra\u00e7ar&hellip; <\/p>\n","protected":false},"author":2,"featured_media":153488,"comment_status":"closed","ping_status":"closed","sticky":false,"template":"","format":"standard","meta":{"sfsi_plus_gutenberg_text_before_share":"","sfsi_plus_gutenberg_show_text_before_share":"","sfsi_plus_gutenberg_icon_type":"","sfsi_plus_gutenberg_icon_alignemt":"","sfsi_plus_gutenburg_max_per_row":"","footnotes":""},"categories":[6],"tags":[],"class_list":["post-153487","post","type-post","status-publish","format-standard","has-post-thumbnail","hentry","category-cidades"],"_links":{"self":[{"href":"https:\/\/www.caririemacao.com\/1\/wp-json\/wp\/v2\/posts\/153487","targetHints":{"allow":["GET"]}}],"collection":[{"href":"https:\/\/www.caririemacao.com\/1\/wp-json\/wp\/v2\/posts"}],"about":[{"href":"https:\/\/www.caririemacao.com\/1\/wp-json\/wp\/v2\/types\/post"}],"author":[{"embeddable":true,"href":"https:\/\/www.caririemacao.com\/1\/wp-json\/wp\/v2\/users\/2"}],"replies":[{"embeddable":true,"href":"https:\/\/www.caririemacao.com\/1\/wp-json\/wp\/v2\/comments?post=153487"}],"version-history":[{"count":1,"href":"https:\/\/www.caririemacao.com\/1\/wp-json\/wp\/v2\/posts\/153487\/revisions"}],"predecessor-version":[{"id":153489,"href":"https:\/\/www.caririemacao.com\/1\/wp-json\/wp\/v2\/posts\/153487\/revisions\/153489"}],"wp:featuredmedia":[{"embeddable":true,"href":"https:\/\/www.caririemacao.com\/1\/wp-json\/wp\/v2\/media\/153488"}],"wp:attachment":[{"href":"https:\/\/www.caririemacao.com\/1\/wp-json\/wp\/v2\/media?parent=153487"}],"wp:term":[{"taxonomy":"category","embeddable":true,"href":"https:\/\/www.caririemacao.com\/1\/wp-json\/wp\/v2\/categories?post=153487"},{"taxonomy":"post_tag","embeddable":true,"href":"https:\/\/www.caririemacao.com\/1\/wp-json\/wp\/v2\/tags?post=153487"}],"curies":[{"name":"wp","href":"https:\/\/api.w.org\/{rel}","templated":true}]}}