{"id":153492,"date":"2020-02-15T08:21:22","date_gmt":"2020-02-15T11:21:22","guid":{"rendered":"http:\/\/www.caririemacao.com\/1\/?p=153492"},"modified":"2020-02-15T08:21:24","modified_gmt":"2020-02-15T11:21:24","slug":"oms-afirma-que-epidemia-do-coronavirus-esta-controlada-no-resto-do-mundo","status":"publish","type":"post","link":"https:\/\/www.caririemacao.com\/1\/2020\/02\/15\/oms-afirma-que-epidemia-do-coronavirus-esta-controlada-no-resto-do-mundo\/","title":{"rendered":"OMS afirma que epidemia do coronav\u00edrus est\u00e1 controlada no resto do mundo"},"content":{"rendered":"\n<p>A Organiza\u00e7\u00e3o Mundial da Sa\u00fade (OMS) afirmou que a epidemia de Covid-19, infec\u00e7\u00e3o provocada pelo novo coronav\u00edrus, foi controlada no mundo.<br><\/p>\n\n\n\n<p>Na ter\u00e7a-feira (13), o diretor-executivo do programa de emerg\u00eancias de sa\u00fade da OMS, Mike Ryan, disse em uma entrevista coletiva que n\u00e3o h\u00e1 &#8220;aumentos dram\u00e1ticos de transmiss\u00e3o fora da China&#8221;, al\u00e9m dos casos da embarca\u00e7\u00e3o Diamond Princess.<\/p>\n\n\n\n<p>Confira a situa\u00e7\u00e3o \u00e0s 9h desta sexta (14):<\/p>\n\n\n\n<ul class=\"wp-block-list\"><li>1.381 mortos na China (incluindo um no territ\u00f3rio semiaut\u00f4nomo de Hong Kong)<\/li><li>2 mortes fora da China (uma nas Filipinas, e outra no Jap\u00e3o)<\/li><li>63.932 casos confirmados na China<\/li><li>505 casos confirmados em outros 24 pa\u00edses<\/li><li>China rev\u00ea dados da epidemia de Covid-19 e reduz n\u00famero de mortos<\/li><\/ul>\n\n\n\n<p>Nos \u00faltimos dias a China relatou um aumento de quase 14 mil casos confirmados de infec\u00e7\u00e3o por coronav\u00edrus ap\u00f3s uma mudan\u00e7a na metodologia de diagn\u00f3stico na prov\u00edncia de Hubei. Apenas no epicentro da doen\u00e7a, exames laboratoriais poder\u00e3o ser substitu\u00eddos por avalia\u00e7\u00f5es cl\u00ednicas.<br><\/p>\n\n\n\n<p>Ryan disse que a maior parte dos casos revistos na China n\u00e3o s\u00e3o recentes e aguardavam uma confirma\u00e7\u00e3o desde o in\u00edcio do surto. Ele tamb\u00e9m ressaltou que, no final de semana, especialistas da OMS desembarcam em Pequim para contribuir com o combate \u00e0 epidemia.<\/p>\n\n\n\n<p>&#8220;Em termos da miss\u00e3o internacional, agora a equipe avan\u00e7ada e suas contrapartes chinesas finalizaram a abrang\u00eancia do trabalho e o projeto da miss\u00e3o&#8221;, disse.<\/p>\n\n\n\n<p><strong>Revis\u00e3o de dados<\/strong><br><\/p>\n\n\n\n<p>Nos \u00faltimos dois dias, a China fez duas mudan\u00e7as na contagem dos casos suspeitos e de mortes registrados no pa\u00eds.<\/p>\n\n\n\n<p>Nesta sexta-feira (14), as autoridades de Sa\u00fade da China revisaram o n\u00famero total de mortos. Antes, havia mudado a metodologia dos casos suspeitos, o que elevou a contagem.<\/p>\n\n\n\n<p>Em rela\u00e7\u00e3o ao n\u00famero de mortos, a China disse que identificou &#8220;estat\u00edsticas duplicadas&#8221; na prov\u00edncia de Hubei, onde est\u00e1 a cidade de Wuhan, considerada epicentro da epidemia. O governo de Pequim n\u00e3o revelou mais detalhes sobre o erro.Segundo a Comiss\u00e3o Nacional de Sa\u00fade , o n\u00famero atual de mortes \u00e9 1.380, e n\u00e3o 1.483 como divulgado anteriormente.<\/p>\n\n\n\n<p>J\u00e1 sobre os casos suspeitos, a China anunciou na quinta-feira (13) que passou a usar a an\u00e1lise dos m\u00e9dicos em consult\u00f3rio, com apoio de exames de imagem (como radiografia e tomografia), para identificar quais sintomas respirat\u00f3rios se enquadrariam em Covid-19.&nbsp;<\/p>\n\n\n\n<p>Antes, era necess\u00e1rio esperar o resultado de um exame de RNA (\u00e1cido ribonucleico) para comprovar a infec\u00e7\u00e3o pelo novo coronav\u00edrus.<\/p>\n\n\n\n<p>As mudan\u00e7as ocorrem em meio \u00e0 decis\u00e3o do governo chin\u00eas de trocar autoridades devido a falhas na resposta ao surto e tamb\u00e9m em meio \u00e0 falta de kits de detec\u00e7\u00e3o do Covid-19.<\/p>\n","protected":false},"excerpt":{"rendered":"<p>A Organiza\u00e7\u00e3o Mundial da Sa\u00fade (OMS) afirmou que a epidemia de Covid-19, infec\u00e7\u00e3o provocada pelo novo coronav\u00edrus, foi controlada no mundo. Na ter\u00e7a-feira (13), o&hellip; <\/p>\n","protected":false},"author":2,"featured_media":153493,"comment_status":"closed","ping_status":"closed","sticky":false,"template":"","format":"standard","meta":{"sfsi_plus_gutenberg_text_before_share":"","sfsi_plus_gutenberg_show_text_before_share":"","sfsi_plus_gutenberg_icon_type":"","sfsi_plus_gutenberg_icon_alignemt":"","sfsi_plus_gutenburg_max_per_row":"","footnotes":""},"categories":[50,16],"tags":[],"class_list":["post-153492","post","type-post","status-publish","format-standard","has-post-thumbnail","hentry","category-destaque","category-saude"],"_links":{"self":[{"href":"https:\/\/www.caririemacao.com\/1\/wp-json\/wp\/v2\/posts\/153492","targetHints":{"allow":["GET"]}}],"collection":[{"href":"https:\/\/www.caririemacao.com\/1\/wp-json\/wp\/v2\/posts"}],"about":[{"href":"https:\/\/www.caririemacao.com\/1\/wp-json\/wp\/v2\/types\/post"}],"author":[{"embeddable":true,"href":"https:\/\/www.caririemacao.com\/1\/wp-json\/wp\/v2\/users\/2"}],"replies":[{"embeddable":true,"href":"https:\/\/www.caririemacao.com\/1\/wp-json\/wp\/v2\/comments?post=153492"}],"version-history":[{"count":1,"href":"https:\/\/www.caririemacao.com\/1\/wp-json\/wp\/v2\/posts\/153492\/revisions"}],"predecessor-version":[{"id":153494,"href":"https:\/\/www.caririemacao.com\/1\/wp-json\/wp\/v2\/posts\/153492\/revisions\/153494"}],"wp:featuredmedia":[{"embeddable":true,"href":"https:\/\/www.caririemacao.com\/1\/wp-json\/wp\/v2\/media\/153493"}],"wp:attachment":[{"href":"https:\/\/www.caririemacao.com\/1\/wp-json\/wp\/v2\/media?parent=153492"}],"wp:term":[{"taxonomy":"category","embeddable":true,"href":"https:\/\/www.caririemacao.com\/1\/wp-json\/wp\/v2\/categories?post=153492"},{"taxonomy":"post_tag","embeddable":true,"href":"https:\/\/www.caririemacao.com\/1\/wp-json\/wp\/v2\/tags?post=153492"}],"curies":[{"name":"wp","href":"https:\/\/api.w.org\/{rel}","templated":true}]}}