{"id":153497,"date":"2020-02-15T08:24:02","date_gmt":"2020-02-15T11:24:02","guid":{"rendered":"http:\/\/www.caririemacao.com\/1\/?p=153497"},"modified":"2020-02-15T08:24:03","modified_gmt":"2020-02-15T11:24:03","slug":"assassinatos-caem-22-na-paraiba-em-2019-e-e-o-menor-indice-da-serie-historica","status":"publish","type":"post","link":"https:\/\/www.caririemacao.com\/1\/2020\/02\/15\/assassinatos-caem-22-na-paraiba-em-2019-e-e-o-menor-indice-da-serie-historica\/","title":{"rendered":"Assassinatos caem 22% na Para\u00edba em 2019 e \u00e9 o menor \u00edndice da s\u00e9rie hist\u00f3rica"},"content":{"rendered":"\n<p>A Para\u00edba teve uma queda de 22,1% no n\u00famero de v\u00edtimas de crimes violentos em 2019 em compara\u00e7\u00e3o com o ano de 2018. O percentual est\u00e1 no \u00edndice nacional de homic\u00eddios criado pelo G1, com base nos dados oficiais dos 26 estados e do Distrito Federal. Em 2019, foram registrados 942 assassinatos, enquanto que em 2018 o n\u00famero era 1210. As informa\u00e7\u00f5es foram divulgadas pelo G1 Para\u00edba nesta sexta-feira (14).<\/p>\n\n\n\n<p>Seguindo uma s\u00e9rie hist\u00f3rica desde 2011, o ano passado teve o menor n\u00famero de crimes violentos letais intencionais. H\u00e1 uma diminui\u00e7\u00e3o gradativa, observada nesses nove anos de registro. Entre 2011 e 2019 foram 725 mortes a menos.<\/p>\n\n\n\n<p>De acordo com Samira Bueno, do F\u00f3rum Brasileiro de Seguran\u00e7a P\u00fablica, uma pol\u00edtica consistente explica essa redu\u00e7\u00e3o hist\u00f3rica. \u201cH\u00e1 estados que t\u00eam pol\u00edticas p\u00fablicas consolidadas de redu\u00e7\u00e3o e controle da viol\u00eancia que est\u00e3o a\u00ed h\u00e1 5, 6, alguns h\u00e1 mais de 10 anos reduzindo os homic\u00eddios e outros crimes violentos.&nbsp;Podemos olhar para S\u00e3o Paulo, Para\u00edba, Esp\u00edrito Santo, Distrito Federal, que v\u00eam de uma queda consistente e que t\u00eam pol\u00edticas p\u00fablicas&nbsp;que s\u00e3o pautadas no fortalecimento da intelig\u00eancia, na an\u00e1lise criminal, pol\u00edticas baseadas em evid\u00eancias e pol\u00edticas de seguran\u00e7a que s\u00e3o integradas com as pol\u00edticas sociais\u201d, diz Samira.<\/p>\n\n\n\n<p>O ano de 2019 oscila bastante quando os n\u00fameros absolutos s\u00e3o analisados. O m\u00eas mais violento em rela\u00e7\u00e3o aos assassinatos foi o de novembro, com 87 mortes. Em seguida esteve o m\u00eas de fevereiro, com 83 assassinatos, e abril e setembro, com 82 mortes. Os n\u00fameros j\u00e1 s\u00e3o bem menores se avaliados em compara\u00e7\u00e3o com o ano de 2018, quando o m\u00eas mais violento, que foi o de janeiro, apresentou 128 crimes violentos intencionais.<\/p>\n","protected":false},"excerpt":{"rendered":"<p>A Para\u00edba teve uma queda de 22,1% no n\u00famero de v\u00edtimas de crimes violentos em 2019 em compara\u00e7\u00e3o com o ano de 2018. O percentual&hellip; <\/p>\n","protected":false},"author":2,"featured_media":11261,"comment_status":"closed","ping_status":"closed","sticky":false,"template":"","format":"standard","meta":{"sfsi_plus_gutenberg_text_before_share":"","sfsi_plus_gutenberg_show_text_before_share":"","sfsi_plus_gutenberg_icon_type":"","sfsi_plus_gutenberg_icon_alignemt":"","sfsi_plus_gutenburg_max_per_row":"","footnotes":""},"categories":[2],"tags":[],"class_list":["post-153497","post","type-post","status-publish","format-standard","has-post-thumbnail","hentry","category-geral"],"_links":{"self":[{"href":"https:\/\/www.caririemacao.com\/1\/wp-json\/wp\/v2\/posts\/153497","targetHints":{"allow":["GET"]}}],"collection":[{"href":"https:\/\/www.caririemacao.com\/1\/wp-json\/wp\/v2\/posts"}],"about":[{"href":"https:\/\/www.caririemacao.com\/1\/wp-json\/wp\/v2\/types\/post"}],"author":[{"embeddable":true,"href":"https:\/\/www.caririemacao.com\/1\/wp-json\/wp\/v2\/users\/2"}],"replies":[{"embeddable":true,"href":"https:\/\/www.caririemacao.com\/1\/wp-json\/wp\/v2\/comments?post=153497"}],"version-history":[{"count":1,"href":"https:\/\/www.caririemacao.com\/1\/wp-json\/wp\/v2\/posts\/153497\/revisions"}],"predecessor-version":[{"id":153498,"href":"https:\/\/www.caririemacao.com\/1\/wp-json\/wp\/v2\/posts\/153497\/revisions\/153498"}],"wp:featuredmedia":[{"embeddable":true,"href":"https:\/\/www.caririemacao.com\/1\/wp-json\/wp\/v2\/media\/11261"}],"wp:attachment":[{"href":"https:\/\/www.caririemacao.com\/1\/wp-json\/wp\/v2\/media?parent=153497"}],"wp:term":[{"taxonomy":"category","embeddable":true,"href":"https:\/\/www.caririemacao.com\/1\/wp-json\/wp\/v2\/categories?post=153497"},{"taxonomy":"post_tag","embeddable":true,"href":"https:\/\/www.caririemacao.com\/1\/wp-json\/wp\/v2\/tags?post=153497"}],"curies":[{"name":"wp","href":"https:\/\/api.w.org\/{rel}","templated":true}]}}