{"id":153499,"date":"2020-02-15T08:25:56","date_gmt":"2020-02-15T11:25:56","guid":{"rendered":"http:\/\/www.caririemacao.com\/1\/?p=153499"},"modified":"2020-02-15T08:25:58","modified_gmt":"2020-02-15T11:25:58","slug":"quatro-partidas-abrem-oficialmente-neste-sabado-a-xiii-edicao-da-copa-cariri-de-futsal-confira-os-jogos","status":"publish","type":"post","link":"https:\/\/www.caririemacao.com\/1\/2020\/02\/15\/quatro-partidas-abrem-oficialmente-neste-sabado-a-xiii-edicao-da-copa-cariri-de-futsal-confira-os-jogos\/","title":{"rendered":"Quatro partidas abrem oficialmente neste s\u00e1bado a XIII edi\u00e7\u00e3o da Copa Cariri de Futsal; CONFIRA OS JOGOS"},"content":{"rendered":"\n<p>Uma das maiores competi\u00e7\u00f5es de futsal da Para\u00edba e a maior do Cariri paraibano, a XIII edi\u00e7\u00e3o da Copa Cariri de Futsal ter\u00e1 in\u00edcio neste s\u00e1bado(15) com a rodada de abertura do certame.<\/p>\n\n\n\n<p>A Copa Cariri de Futsal paraibano tem como idealizador o coordenador, Dami\u00e3o Lima, que em entrevista \u00e0 r\u00e1dio Serra Branca FM nesta \u00faltima sexta-feira (14), contou os detalhes do campeonato.<\/p>\n\n\n\n<p>A competi\u00e7\u00e3o de futsal 2020 ser\u00e1 representada pelas principais equipes da regi\u00e3o do Cariri. <\/p>\n\n\n\n<p>A rodada de abertura contar\u00e1 com 4 jogos a serem realizados simultaneamente nas cidades de Prata, Boa Vista, Soledade e Cabaceiras.\u00a0Os jogos ser\u00e3o realizados todos os s\u00e1bados a partir das 20h.<\/p>\n\n\n\n<p><strong>Confira\u00a0os jogos da rodada de abertura na imagem ilustrativa:<\/strong><\/p>\n\n\n\n<div class=\"wp-block-image\"><figure class=\"aligncenter\"><img decoding=\"async\" data-src=\"http:\/\/deolhonocariri.com.br\/wp-content\/uploads\/2020\/02\/85149744_3070857672958530_2679207844854628352_n.jpg\" alt=\"\" class=\"wp-image-77994 lazyload\" src=\"data:image\/svg+xml;base64,PHN2ZyB3aWR0aD0iMSIgaGVpZ2h0PSIxIiB4bWxucz0iaHR0cDovL3d3dy53My5vcmcvMjAwMC9zdmciPjwvc3ZnPg==\" \/><\/figure><\/div>\n\n\n\n<p>O coordenador do campeonato, Dami\u00e3o Lima falou da expectativa para a edi\u00e7\u00e3o deste ano: \u201cEstamos todos ansiosos, e a cada ano a competi\u00e7\u00e3o tem se consolidado como a principal da modalidade em toda a regi\u00e3o do Cariri paraibano.\u201d<\/p>\n\n\n\n<p>Cada equipe mandante ficar\u00e1 respons\u00e1vel por organizar a seguran\u00e7a dos jogadores, dos t\u00e9cnicos e do p\u00fablico participante para que os jogos aconte\u00e7am sem transtornos.<\/p>\n\n\n\n<p>Dami\u00e3o ainda falou do compromisso em realizar um campeonato bem-sucedido assim como foi o de 2019. E ressaltou a import\u00e2ncia dos caririzeiros valorizarem o futsal da regi\u00e3o. \u201cVamos valorizar o futsal, o que \u00e9 nosso!\u201d, expressou ele.<\/p>\n\n\n\n<p><em>Cariri Esporte<\/em><\/p>\n","protected":false},"excerpt":{"rendered":"<p>Uma das maiores competi\u00e7\u00f5es de futsal da Para\u00edba e a maior do Cariri paraibano, a XIII edi\u00e7\u00e3o da Copa Cariri de Futsal ter\u00e1 in\u00edcio neste&hellip; <\/p>\n","protected":false},"author":2,"featured_media":153500,"comment_status":"closed","ping_status":"closed","sticky":false,"template":"","format":"standard","meta":{"sfsi_plus_gutenberg_text_before_share":"","sfsi_plus_gutenberg_show_text_before_share":"","sfsi_plus_gutenberg_icon_type":"","sfsi_plus_gutenberg_icon_alignemt":"","sfsi_plus_gutenburg_max_per_row":"","footnotes":""},"categories":[13],"tags":[],"class_list":["post-153499","post","type-post","status-publish","format-standard","has-post-thumbnail","hentry","category-esportes"],"_links":{"self":[{"href":"https:\/\/www.caririemacao.com\/1\/wp-json\/wp\/v2\/posts\/153499","targetHints":{"allow":["GET"]}}],"collection":[{"href":"https:\/\/www.caririemacao.com\/1\/wp-json\/wp\/v2\/posts"}],"about":[{"href":"https:\/\/www.caririemacao.com\/1\/wp-json\/wp\/v2\/types\/post"}],"author":[{"embeddable":true,"href":"https:\/\/www.caririemacao.com\/1\/wp-json\/wp\/v2\/users\/2"}],"replies":[{"embeddable":true,"href":"https:\/\/www.caririemacao.com\/1\/wp-json\/wp\/v2\/comments?post=153499"}],"version-history":[{"count":1,"href":"https:\/\/www.caririemacao.com\/1\/wp-json\/wp\/v2\/posts\/153499\/revisions"}],"predecessor-version":[{"id":153501,"href":"https:\/\/www.caririemacao.com\/1\/wp-json\/wp\/v2\/posts\/153499\/revisions\/153501"}],"wp:featuredmedia":[{"embeddable":true,"href":"https:\/\/www.caririemacao.com\/1\/wp-json\/wp\/v2\/media\/153500"}],"wp:attachment":[{"href":"https:\/\/www.caririemacao.com\/1\/wp-json\/wp\/v2\/media?parent=153499"}],"wp:term":[{"taxonomy":"category","embeddable":true,"href":"https:\/\/www.caririemacao.com\/1\/wp-json\/wp\/v2\/categories?post=153499"},{"taxonomy":"post_tag","embeddable":true,"href":"https:\/\/www.caririemacao.com\/1\/wp-json\/wp\/v2\/tags?post=153499"}],"curies":[{"name":"wp","href":"https:\/\/api.w.org\/{rel}","templated":true}]}}