{"id":153508,"date":"2020-02-15T08:35:08","date_gmt":"2020-02-15T11:35:08","guid":{"rendered":"http:\/\/www.caririemacao.com\/1\/?p=153508"},"modified":"2020-02-15T08:35:10","modified_gmt":"2020-02-15T11:35:10","slug":"vigilancia-em-saude-do-municipio-de-monteiro-emite-informe-sobre-coronavirus","status":"publish","type":"post","link":"https:\/\/www.caririemacao.com\/1\/2020\/02\/15\/vigilancia-em-saude-do-municipio-de-monteiro-emite-informe-sobre-coronavirus\/","title":{"rendered":"Vigil\u00e2ncia em Sa\u00fade do munic\u00edpio de Monteiro emite informe sobre Coronav\u00edrus"},"content":{"rendered":"\n<p>A secretaria Municipal de Sa\u00fade, atrav\u00e9s do Departamento de Vigil\u00e2ncia em Sa\u00fade, vem por meio deste, orientar e informar a popula\u00e7\u00e3o a respeito do coranav\u00edrus.&nbsp;Segundo organismos internacionais de sa\u00fade, indicam que a transmiss\u00e3o do v\u00edrus \u00e9 limitada localmente, sem evid\u00eancias de amplifica\u00e7\u00e3o da circula\u00e7\u00e3o do mesmo, at\u00e9 o momento.<\/p>\n\n\n\n<p><strong>O QUE \u00c9 O CORONAV\u00cdRUS?<\/strong><\/p>\n\n\n\n<p>Uma doen\u00e7a causada por&nbsp;v\u00edrus que causam infec\u00e7\u00f5es respirat\u00f3rias. O novo agente do coronav\u00edrus (<strong>nCoV-2019<\/strong>) foi descoberto em 31\/12\/19 ap\u00f3s casos registrados na China.<\/p>\n\n\n\n<p>Os coronav\u00edrus humanos comuns causam infec\u00e7\u00f5es respirat\u00f3rias brandas a moderadas de curta dura\u00e7\u00e3o. Os sintomas podem envolver coriza, tosse, dor de garganta e febre. Esses v\u00edrus algumas vezes podem causar infec\u00e7\u00e3o das vias respirat\u00f3rias inferiores, como pneumonia. Esse quadro \u00e9 mais comum em pessoas com doen\u00e7as cardiopulmonares, com sistema imunol\u00f3gico comprometido ou em idosos.<\/p>\n\n\n\n<p>Segundo a Organiza\u00e7\u00e3o Mundial da Sa\u00fade (OMS), s\u00e3o 40,5 mil casos registrados em 18 pa\u00edses, com 910 mortes, o que mobilizou organismos internacionais e a comunidade cient\u00edfica na busca por respostas sobre preven\u00e7\u00e3o, transmiss\u00e3o e tratamento desse novo tipo de coronav\u00edrus.<\/p>\n\n\n\n<p>Alguns coronav\u00edrus podem causar doen\u00e7as graves com impacto importante em termos de sa\u00fade p\u00fablica, como a&nbsp;<strong>S\u00edndrome Respirat\u00f3ria Aguda Grave (SARS)<\/strong>, identificada em 2002, e a S\u00edndrome Respirat\u00f3ria do Oriente M\u00e9dio (MERS), identificada em 2012.<\/p>\n\n\n\n<p>No Brasil, at\u00e9 11<strong>&nbsp;de fevereiro de 2020<\/strong>, est\u00e3o em investiga\u00e7\u00e3o 11 casos suspeitos, distribu\u00eddos da seguinte forma: SP (3), RS (3), RJ (2), SC (1), MG (1) e PR (1). Foram descartados 28 casos: SP (13); RS (6); SC (3); PR (2); RJ (2); MG (1) e CE (1). N\u00e3o houve registro de caso confirmado<\/p>\n\n\n\n<p><strong>CASOS SUSPEITOS<\/strong><\/p>\n\n\n\n<p><strong>Situa\u00e7\u00e3o 1:<\/strong>&nbsp;Febre e pelo menos um sinal ou sintoma respirat\u00f3rio (tosse, dificuldade para respirar, batimento das asas nasais entre outros) E hist\u00f3rico de viagem para \u00e1rea com transmiss\u00e3o local, de acordo com a OMS, nos \u00faltimos 14 dias anteriores ao aparecimento dos sinais ou sintomas;&nbsp;<strong>OU<\/strong><\/p>\n\n\n\n<p><strong>Situa\u00e7\u00e3o 2:<\/strong>&nbsp;Febre e pelo menos um sinal ou sintoma respirat\u00f3rio (tosse, dificuldade para respirar, batimento das asas nasais entre outros) E hist\u00f3rico de contato pr\u00f3ximo de caso suspeito para o coronav\u00edrus (2019-nCoV), nos \u00faltimos 14 dias anteriores ao aparecimento dos sinais ou sintomas;&nbsp;<strong>OU<\/strong><\/p>\n\n\n\n<p><strong>Situa\u00e7\u00e3o 3:<\/strong>&nbsp;Febre ou pelo menos um sinal ou sintoma respirat\u00f3rio (tosse, dificuldade para respirar, batimento das asas nasais entre outros) E contato pr\u00f3ximo de caso confirmado de coronav\u00edrus (2019-nCoV) em laborat\u00f3rio, nos \u00faltimos 14 dias anteriores ao aparecimento dos sinais ou sintomas.<\/p>\n\n\n\n<p><strong>DIAGN\u00d3STICO CL\u00cdNICO<\/strong><\/p>\n\n\n\n<p>O quadro cl\u00ednico inicial da doen\u00e7a \u00e9 caracterizado como s\u00edndrome gripal.<\/p>\n\n\n\n<p>Em todos os casos de s\u00edndrome gripal seja questionado o hist\u00f3rico de viagem para \u00e1rea com transmiss\u00e3o local, de acordo com a OMS, nos \u00faltimos 14 dias anteriores ao aparecimento dos sinais ou sintomas<\/p>\n\n\n\n<p><strong>TRANSMISS\u00c3O<\/strong><\/p>\n\n\n\n<p>As investiga\u00e7\u00f5es sobre transmiss\u00e3o do novo coronav\u00edrus ainda est\u00e3o em andamento, mas a dissemina\u00e7\u00e3o de pessoa para pessoa, ou seja, a contamina\u00e7\u00e3o por contato, est\u00e1 ocorrendo.&nbsp;\u00c9 importante observar que a dissemina\u00e7\u00e3o de pessoa para pessoa pode ocorrer de forma continuada.<\/p>\n\n\n\n<p>Alguns v\u00edrus s\u00e3o altamente contagiosos (como&nbsp;<a href=\"http:\/\/saude.gov.br\/sarampo\">sarampo<\/a>), enquanto outros s\u00e3o menos. Ainda n\u00e3o est\u00e1 claro com que facilidade o novo coronav\u00edrus se espalha de pessoa para pessoa.<\/p>\n\n\n\n<p>Apesar disso, a transmiss\u00e3o dos coronav\u00edrus costuma ocorrer pelo ar ou por contato pessoal com secre\u00e7\u00f5es contaminadas, como:<\/p>\n\n\n\n<ul class=\"wp-block-list\"><li>Got\u00edculas de saliva;<\/li><li>Espirro;<\/li><li>Tosse;<\/li><li>Catarro;<\/li><li>Contato pessoal pr\u00f3ximo, como toque ou aperto de m\u00e3o;<\/li><li>Contato com objetos ou superf\u00edcies contaminadas, seguido de contato com a boca, nariz ou olhos.<\/li><\/ul>\n\n\n\n<p>Os coronav\u00edrus apresentam uma transmiss\u00e3o menos intensa que o v\u00edrus da gripe e, portanto, o risco de maior circula\u00e7\u00e3o mundial \u00e9 menor.<\/p>\n\n\n\n<p>O v\u00edrus pode ficar incubado por duas semanas, per\u00edodo em que os primeiros sintomas levam para aparecer desde a infec\u00e7\u00e3o.<\/p>\n\n\n\n<p><strong>TRATAMENTO<\/strong><\/p>\n\n\n\n<p>N\u00e3o existe uma medica\u00e7\u00e3o especifica para o v\u00edrus. O tratamento \u00e9 feito com base nos sintomas individuais de cada paciente.<\/p>\n\n\n\n<p><strong>MEDIDAS DE PREVEN\u00c7\u00c3O E CONTROLE PARA A POPULA\u00c7\u00c3O<\/strong><\/p>\n\n\n\n<p>At\u00e9 o momento, n\u00e3o h\u00e1 comprova\u00e7\u00e3o de que o novo coronav\u00edrus esteja circulando no Brasil, mas devem ser refor\u00e7adas a\u00e7\u00f5es preventivas di\u00e1rias que possam auxiliar na preven\u00e7\u00e3o de propaga\u00e7\u00e3o de v\u00edrus respirat\u00f3rios:<\/p>\n\n\n\n<p><strong>Precau\u00e7\u00f5es:<\/strong><\/p>\n\n\n\n<ul class=\"wp-block-list\"><li>Lavar as m\u00e3os freq\u00fcentemente com \u00e1gua e sabonete por pelo menos 20 segundos, respeitando os 5 momentos de higieniza\u00e7\u00e3o. Se n\u00e3o houver \u00e1gua e sabonete, usar \u00e1lcool em gel;<\/li><\/ul>\n\n\n\n<ul class=\"wp-block-list\"><li>Evitar tocar nos olhos, nariz e boca com as m\u00e3os n\u00e3o lavadas;<\/li><li>Evitar contato pr\u00f3ximo com pessoas doentes;<\/li><li>Ficar em casa se apresentar sintomas gripais;<\/li><li>Evitar locais com aglomera\u00e7\u00e3o de pessoas;<\/li><li>Cobrir boca e nariz ao tossir ou espirrar com um len\u00e7o de papel e jogar no lixo;<\/li><li>Limpar e desinfetar objetos e superf\u00edcies tocados com freq\u00fc\u00eancia;<\/li><li>Utilizar ch\u00e1 de erva doce<\/li><\/ul>\n\n\n\n<div class=\"wp-block-image\"><figure class=\"aligncenter\"><img decoding=\"async\" data-src=\"http:\/\/deolhonocariri.com.br\/wp-content\/uploads\/2020\/02\/conduta-cornovavirus.png\" alt=\"\" class=\"wp-image-78001 lazyload\" src=\"data:image\/svg+xml;base64,PHN2ZyB3aWR0aD0iMSIgaGVpZ2h0PSIxIiB4bWxucz0iaHR0cDovL3d3dy53My5vcmcvMjAwMC9zdmciPjwvc3ZnPg==\" \/><\/figure><\/div>\n\n\n\n<p><em>Ascom PMM<\/em><\/p>\n","protected":false},"excerpt":{"rendered":"<p>A secretaria Municipal de Sa\u00fade, atrav\u00e9s do Departamento de Vigil\u00e2ncia em Sa\u00fade, vem por meio deste, orientar e informar a popula\u00e7\u00e3o a respeito do coranav\u00edrus.&nbsp;Segundo&hellip; <\/p>\n","protected":false},"author":2,"featured_media":153509,"comment_status":"closed","ping_status":"closed","sticky":false,"template":"","format":"standard","meta":{"sfsi_plus_gutenberg_text_before_share":"","sfsi_plus_gutenberg_show_text_before_share":"","sfsi_plus_gutenberg_icon_type":"","sfsi_plus_gutenberg_icon_alignemt":"","sfsi_plus_gutenburg_max_per_row":"","footnotes":""},"categories":[6],"tags":[],"class_list":["post-153508","post","type-post","status-publish","format-standard","has-post-thumbnail","hentry","category-cidades"],"_links":{"self":[{"href":"https:\/\/www.caririemacao.com\/1\/wp-json\/wp\/v2\/posts\/153508","targetHints":{"allow":["GET"]}}],"collection":[{"href":"https:\/\/www.caririemacao.com\/1\/wp-json\/wp\/v2\/posts"}],"about":[{"href":"https:\/\/www.caririemacao.com\/1\/wp-json\/wp\/v2\/types\/post"}],"author":[{"embeddable":true,"href":"https:\/\/www.caririemacao.com\/1\/wp-json\/wp\/v2\/users\/2"}],"replies":[{"embeddable":true,"href":"https:\/\/www.caririemacao.com\/1\/wp-json\/wp\/v2\/comments?post=153508"}],"version-history":[{"count":1,"href":"https:\/\/www.caririemacao.com\/1\/wp-json\/wp\/v2\/posts\/153508\/revisions"}],"predecessor-version":[{"id":153510,"href":"https:\/\/www.caririemacao.com\/1\/wp-json\/wp\/v2\/posts\/153508\/revisions\/153510"}],"wp:featuredmedia":[{"embeddable":true,"href":"https:\/\/www.caririemacao.com\/1\/wp-json\/wp\/v2\/media\/153509"}],"wp:attachment":[{"href":"https:\/\/www.caririemacao.com\/1\/wp-json\/wp\/v2\/media?parent=153508"}],"wp:term":[{"taxonomy":"category","embeddable":true,"href":"https:\/\/www.caririemacao.com\/1\/wp-json\/wp\/v2\/categories?post=153508"},{"taxonomy":"post_tag","embeddable":true,"href":"https:\/\/www.caririemacao.com\/1\/wp-json\/wp\/v2\/tags?post=153508"}],"curies":[{"name":"wp","href":"https:\/\/api.w.org\/{rel}","templated":true}]}}