{"id":153512,"date":"2020-02-15T08:36:17","date_gmt":"2020-02-15T11:36:17","guid":{"rendered":"http:\/\/www.caririemacao.com\/1\/?p=153512"},"modified":"2020-02-15T08:36:19","modified_gmt":"2020-02-15T11:36:19","slug":"matriculas-para-classificados-no-sisu-no-ifpb-campus-de-monteiro-vao-ate-dia-17","status":"publish","type":"post","link":"https:\/\/www.caririemacao.com\/1\/2020\/02\/15\/matriculas-para-classificados-no-sisu-no-ifpb-campus-de-monteiro-vao-ate-dia-17\/","title":{"rendered":"Matr\u00edculas para classificados no SISU no IFPB Campus de Monteiro v\u00e3o at\u00e9 dia 17"},"content":{"rendered":"\n<p>A Diretoria&nbsp;de&nbsp;Desenvolvimento do Ensino do IFPB \u2013 campus Monteiro publicou, nesta quarta-feira (23), o Edital N\u00ba 06\/2020, que trata sobre a 1\u00aa &nbsp;chamada para&nbsp; manifesta\u00e7\u00e3o&nbsp; de interesse em matr\u00edcula dos candidatos pr\u00e9-classificados, por meio da lista de espera do Sistema de Sele\u00e7\u00e3o Unificada (SiSU). Os candidatos convocados t\u00eam os dias 13, 14 e 17 de fevereiro para manifestar interesse na matr\u00edcula&nbsp;de&nbsp;forma presencial.<\/p>\n\n\n\n<p>O edital n\u00ba 06\/2020 traz as orienta\u00e7\u00f5es para os estudantes interessados, como documenta\u00e7\u00e3o necess\u00e1ria, prazos e local para entrega de documenta\u00e7\u00e3o.<\/p>\n\n\n\n<p>para acessar o edital \u00e9 s\u00f3&nbsp;<a href=\"https:\/\/www.ifpb.edu.br\/monteiro\/editais\/ensino\/2020\/edital-no-06-2020_1a-chamada-da-lista-de-espera_sisu-2020\/edital-no-06-2020_1a-chamada-da-lista-de-espera_sisu-2020.pdf\">clicar aqui<\/a>.<\/p>\n","protected":false},"excerpt":{"rendered":"<p>A Diretoria&nbsp;de&nbsp;Desenvolvimento do Ensino do IFPB \u2013 campus Monteiro publicou, nesta quarta-feira (23), o Edital N\u00ba 06\/2020, que trata sobre a 1\u00aa &nbsp;chamada para&nbsp; manifesta\u00e7\u00e3o&nbsp;&hellip; <\/p>\n","protected":false},"author":2,"featured_media":153513,"comment_status":"closed","ping_status":"closed","sticky":false,"template":"","format":"standard","meta":{"sfsi_plus_gutenberg_text_before_share":"","sfsi_plus_gutenberg_show_text_before_share":"","sfsi_plus_gutenberg_icon_type":"","sfsi_plus_gutenberg_icon_alignemt":"","sfsi_plus_gutenburg_max_per_row":"","footnotes":""},"categories":[14],"tags":[],"class_list":["post-153512","post","type-post","status-publish","format-standard","has-post-thumbnail","hentry","category-educacao"],"_links":{"self":[{"href":"https:\/\/www.caririemacao.com\/1\/wp-json\/wp\/v2\/posts\/153512","targetHints":{"allow":["GET"]}}],"collection":[{"href":"https:\/\/www.caririemacao.com\/1\/wp-json\/wp\/v2\/posts"}],"about":[{"href":"https:\/\/www.caririemacao.com\/1\/wp-json\/wp\/v2\/types\/post"}],"author":[{"embeddable":true,"href":"https:\/\/www.caririemacao.com\/1\/wp-json\/wp\/v2\/users\/2"}],"replies":[{"embeddable":true,"href":"https:\/\/www.caririemacao.com\/1\/wp-json\/wp\/v2\/comments?post=153512"}],"version-history":[{"count":1,"href":"https:\/\/www.caririemacao.com\/1\/wp-json\/wp\/v2\/posts\/153512\/revisions"}],"predecessor-version":[{"id":153514,"href":"https:\/\/www.caririemacao.com\/1\/wp-json\/wp\/v2\/posts\/153512\/revisions\/153514"}],"wp:featuredmedia":[{"embeddable":true,"href":"https:\/\/www.caririemacao.com\/1\/wp-json\/wp\/v2\/media\/153513"}],"wp:attachment":[{"href":"https:\/\/www.caririemacao.com\/1\/wp-json\/wp\/v2\/media?parent=153512"}],"wp:term":[{"taxonomy":"category","embeddable":true,"href":"https:\/\/www.caririemacao.com\/1\/wp-json\/wp\/v2\/categories?post=153512"},{"taxonomy":"post_tag","embeddable":true,"href":"https:\/\/www.caririemacao.com\/1\/wp-json\/wp\/v2\/tags?post=153512"}],"curies":[{"name":"wp","href":"https:\/\/api.w.org\/{rel}","templated":true}]}}