{"id":153517,"date":"2020-02-15T08:40:54","date_gmt":"2020-02-15T11:40:54","guid":{"rendered":"http:\/\/www.caririemacao.com\/1\/?p=153517"},"modified":"2020-02-15T08:40:57","modified_gmt":"2020-02-15T11:40:57","slug":"em-monteiro-secretaria-de-agricultura-realiza-manutencao-de-estradas-na-zona-rural","status":"publish","type":"post","link":"https:\/\/www.caririemacao.com\/1\/2020\/02\/15\/em-monteiro-secretaria-de-agricultura-realiza-manutencao-de-estradas-na-zona-rural\/","title":{"rendered":"Em Monteiro: Secretaria de Agricultura realiza manuten\u00e7\u00e3o de estradas na zona rural"},"content":{"rendered":"\n<p>Na tarde desta quarta-feira (13) a Secretaria de Agricultura do Munic\u00edpio esteve realizando um verdadeiro mutir\u00e3o nos trabalhos de recupera\u00e7\u00e3o de estradas em v\u00e1rias comunidades rurais atendendo assim a solicita\u00e7\u00e3o dos moradores e cumprindo um calend\u00e1rio da recupera\u00e7\u00e3o de estradas.<\/p>\n\n\n\n<p>As comunidades atendidas foram: S\u00edtios Picos, Serra Branca e Limit\u00e3o, onde as m\u00e1quinas realizaram a recupera\u00e7\u00e3o de estradas e galhos de estradas melhorando assim a mobilidade e dando qualidade no direito de ir e vir dos moradores da zona rural.<\/p>\n\n\n\n<p>Para o secret\u00e1rio de Agricultura Erinaldo Bezerra (Ch\u00f4va), os trabalhos devem continuar atendendo outras comunidades e que o compromisso da gest\u00e3o \u00e9 trabalhar sem limites para dar o melhor para os agricultores do munic\u00edpio, n\u00e3o s\u00f3 com estradas, mais em todas as necessidades que venha surgir no dia a dia do agricultor.<\/p>\n\n\n\n<p>\u201c Esse \u00e9 o nosso compromisso, de atender as comunidades, seja com manuten\u00e7\u00e3o nas estradas, ara\u00e7\u00e3o de terra, silagem e qualquer outro servi\u00e7o solicitado pelos nossos agricultores, e os trabalhos devem continuar oferecendo o melhor para o nosso agricultor. Reintero, esse \u00e9 o compromisso da gest\u00e3o\u201d. Disse Ch\u00f4va \u2013 Secret\u00e1rio de Agricultura do Munic\u00edpio<\/p>\n\n\n\n<div class=\"wp-block-image\"><figure class=\"alignleft\"><img decoding=\"async\" data-src=\"https:\/\/i0.wp.com\/www.vitrinedocariri.com.br\/wp-content\/uploads\/2020\/02\/Em-Monteiro-Secretaria-de-Agricultura-realiza-manuten%C3%A7%C3%A3o-de-estradas-na-zona-rural-4.jpeg?resize=300%2C225&amp;ssl=1\" alt=\"\" class=\"wp-image-64211 lazyload\" src=\"data:image\/svg+xml;base64,PHN2ZyB3aWR0aD0iMSIgaGVpZ2h0PSIxIiB4bWxucz0iaHR0cDovL3d3dy53My5vcmcvMjAwMC9zdmciPjwvc3ZnPg==\" \/><\/figure><\/div>\n\n\n\n<p>Outros Servi\u00e7os<\/p>\n\n\n\n<p>Na \u00faltima semana a Secretaria de Agricultura ainda realizou os servi\u00e7os de reposi\u00e7\u00e3o de l\u00e2mpadas na comunidade de Cacimba de Cima. As m\u00e1quinas tamb\u00e9m realizaram trabalhos de na regi\u00e3o de Fartura e Ara\u00e7\u00e1 sanando o problema do atoleiro solicitado pela popula\u00e7\u00e3o.<br>A p\u00e1 mec\u00e2nica seguiu cumprindo a agenda de recupera\u00e7\u00e3o de estradas na regi\u00e3o do Tamandu\u00e1, o trator realizou cortes de terra na Agrovila Laffayete. J\u00e1 os moradores da comunidade do Garapa foram beneficiaos com o conserto de cataventos.<\/p>\n","protected":false},"excerpt":{"rendered":"<p>Na tarde desta quarta-feira (13) a Secretaria de Agricultura do Munic\u00edpio esteve realizando um verdadeiro mutir\u00e3o nos trabalhos de recupera\u00e7\u00e3o de estradas em v\u00e1rias comunidades&hellip; <\/p>\n","protected":false},"author":2,"featured_media":153518,"comment_status":"closed","ping_status":"closed","sticky":false,"template":"","format":"standard","meta":{"sfsi_plus_gutenberg_text_before_share":"","sfsi_plus_gutenberg_show_text_before_share":"","sfsi_plus_gutenberg_icon_type":"","sfsi_plus_gutenberg_icon_alignemt":"","sfsi_plus_gutenburg_max_per_row":"","footnotes":""},"categories":[2],"tags":[],"class_list":["post-153517","post","type-post","status-publish","format-standard","has-post-thumbnail","hentry","category-geral"],"_links":{"self":[{"href":"https:\/\/www.caririemacao.com\/1\/wp-json\/wp\/v2\/posts\/153517","targetHints":{"allow":["GET"]}}],"collection":[{"href":"https:\/\/www.caririemacao.com\/1\/wp-json\/wp\/v2\/posts"}],"about":[{"href":"https:\/\/www.caririemacao.com\/1\/wp-json\/wp\/v2\/types\/post"}],"author":[{"embeddable":true,"href":"https:\/\/www.caririemacao.com\/1\/wp-json\/wp\/v2\/users\/2"}],"replies":[{"embeddable":true,"href":"https:\/\/www.caririemacao.com\/1\/wp-json\/wp\/v2\/comments?post=153517"}],"version-history":[{"count":1,"href":"https:\/\/www.caririemacao.com\/1\/wp-json\/wp\/v2\/posts\/153517\/revisions"}],"predecessor-version":[{"id":153519,"href":"https:\/\/www.caririemacao.com\/1\/wp-json\/wp\/v2\/posts\/153517\/revisions\/153519"}],"wp:featuredmedia":[{"embeddable":true,"href":"https:\/\/www.caririemacao.com\/1\/wp-json\/wp\/v2\/media\/153518"}],"wp:attachment":[{"href":"https:\/\/www.caririemacao.com\/1\/wp-json\/wp\/v2\/media?parent=153517"}],"wp:term":[{"taxonomy":"category","embeddable":true,"href":"https:\/\/www.caririemacao.com\/1\/wp-json\/wp\/v2\/categories?post=153517"},{"taxonomy":"post_tag","embeddable":true,"href":"https:\/\/www.caririemacao.com\/1\/wp-json\/wp\/v2\/tags?post=153517"}],"curies":[{"name":"wp","href":"https:\/\/api.w.org\/{rel}","templated":true}]}}