{"id":153520,"date":"2020-02-15T08:42:11","date_gmt":"2020-02-15T11:42:11","guid":{"rendered":"http:\/\/www.caririemacao.com\/1\/?p=153520"},"modified":"2020-02-15T08:42:12","modified_gmt":"2020-02-15T11:42:12","slug":"33-dos-presos-ainda-aguardam-julgamento-no-pais-e-deficit-no-sistema-prisional-e-de-300-mil-vagas","status":"publish","type":"post","link":"https:\/\/www.caririemacao.com\/1\/2020\/02\/15\/33-dos-presos-ainda-aguardam-julgamento-no-pais-e-deficit-no-sistema-prisional-e-de-300-mil-vagas\/","title":{"rendered":"33% dos presos ainda aguardam julgamento no pa\u00eds, e d\u00e9ficit no sistema prisional \u00e9 de 300 mil vagas"},"content":{"rendered":"\n<p>Em todo o Brasil, mais de 773 mil pessoas est\u00e3o presas nos mais variados regimes e locais. S\u00f3 em penitenci\u00e1rias, s\u00e3o mais de 758 mil presidi\u00e1rios. O percentual de presos provis\u00f3rios \u00e9 de 33%. Entre o \u00faltimo semestre de 2018 e o primeiro de 2019, o crescimento da popula\u00e7\u00e3o carcer\u00e1ria foi de cerca de 4%.<\/p>\n\n\n\n<p><br>Os dados s\u00e3o do Infopen, Levantamento Nacional de Informa\u00e7\u00f5es Penitenci\u00e1rias de 2019, divulgado nesta sexta-feira pelo Minist\u00e9rio da Justi\u00e7a.<\/p>\n\n\n\n<p><br>A meta do governo \u00e9 acabar com todos os presos em delegacias. E a quantidade vem diminuindo, conforme detalhou o diretor do Depen, Departamento Penitenci\u00e1rio Nacional, Fabiano Bordignon.<\/p>\n\n\n\n<p><br>\u201cNo primeiro semestre de 2018 n\u00f3s t\u00ednhamos 19 mil presos em delegacias. Esse n\u00famero agora \u00e9 de 14 mil. \u00c9 um avan\u00e7o importante das secretarias de Justi\u00e7a e de Seguran\u00e7a P\u00fablica, com a poio do Departamento Penitenci\u00e1rio, para que as pessoas presam passem a aguardar o julgamento em unidades prisionais\u201d.<\/p>\n\n\n\n<p><br>Existe um d\u00e9ficit de mais de 300 mil vagas no sistema penitenci\u00e1rio brasileiro. O governo pretende criar 100 mil vagas at\u00e9 o fim da gest\u00e3o do presidente Jair Bolsonaro. Em 2019, foram disponibilizadas 19 mil novas vagas, e neste ano a perspectiva \u00e9 que sejam criadas mais, como explica Fabiano Bordignon, diretor do Depen.<\/p>\n\n\n\n<p><br>\u201cN\u00f3s queremos projetar para esse ano, tamb\u00e9m, 20 mil. Se a gente quiser fazer 100 mil, tem que fazer at\u00e9 do que isso. Mas este ano a gente vai ter um foco muito grande em reformas, para que a gente fa\u00e7a mais vagas com menos recursos. Por exemplo, vamos contratar 120 engenheiros at\u00e9 o meio do ano\u201d.<\/p>\n\n\n\n<p><br>O levantamento divulgado nesta sexta-feira est\u00e1 com um atraso de seis meses. Isso porque, quando o ministro S\u00e9rgio Moro assumiu a pasta, os dados do Infopen estavam bem desatualizados, como ele explica.<\/p>\n\n\n\n<p><br>\u201cQuando n\u00f3s assumimos essa gest\u00e3o, os dados que t\u00ednhamos em janeiro a 2019 diziam respeito aos levantamentos do primeiro semestre de 2016, ou seja, tivemos atraso de praticamente tr\u00eas anos\u201d.<\/p>\n\n\n\n<p><br>Durante o lan\u00e7amento dos dados carcer\u00e1rios mais recentes do Brasil, o Minist\u00e9rio da Justi\u00e7a anunciou que o sistema de Informa\u00e7\u00f5es Penitenci\u00e1rias dispon\u00edvel no site depen.gov.br est\u00e1 mais pr\u00e1tico e din\u00e2mico, e que \u00e9 poss\u00edvel comparar informa\u00e7\u00f5es de diferentes anos e categorias.<\/p>\n","protected":false},"excerpt":{"rendered":"<p>Em todo o Brasil, mais de 773 mil pessoas est\u00e3o presas nos mais variados regimes e locais. S\u00f3 em penitenci\u00e1rias, s\u00e3o mais de 758 mil&hellip; <\/p>\n","protected":false},"author":2,"featured_media":138024,"comment_status":"closed","ping_status":"closed","sticky":false,"template":"","format":"standard","meta":{"sfsi_plus_gutenberg_text_before_share":"","sfsi_plus_gutenberg_show_text_before_share":"","sfsi_plus_gutenberg_icon_type":"","sfsi_plus_gutenberg_icon_alignemt":"","sfsi_plus_gutenburg_max_per_row":"","footnotes":""},"categories":[12],"tags":[],"class_list":["post-153520","post","type-post","status-publish","format-standard","has-post-thumbnail","hentry","category-policia"],"_links":{"self":[{"href":"https:\/\/www.caririemacao.com\/1\/wp-json\/wp\/v2\/posts\/153520","targetHints":{"allow":["GET"]}}],"collection":[{"href":"https:\/\/www.caririemacao.com\/1\/wp-json\/wp\/v2\/posts"}],"about":[{"href":"https:\/\/www.caririemacao.com\/1\/wp-json\/wp\/v2\/types\/post"}],"author":[{"embeddable":true,"href":"https:\/\/www.caririemacao.com\/1\/wp-json\/wp\/v2\/users\/2"}],"replies":[{"embeddable":true,"href":"https:\/\/www.caririemacao.com\/1\/wp-json\/wp\/v2\/comments?post=153520"}],"version-history":[{"count":1,"href":"https:\/\/www.caririemacao.com\/1\/wp-json\/wp\/v2\/posts\/153520\/revisions"}],"predecessor-version":[{"id":153521,"href":"https:\/\/www.caririemacao.com\/1\/wp-json\/wp\/v2\/posts\/153520\/revisions\/153521"}],"wp:featuredmedia":[{"embeddable":true,"href":"https:\/\/www.caririemacao.com\/1\/wp-json\/wp\/v2\/media\/138024"}],"wp:attachment":[{"href":"https:\/\/www.caririemacao.com\/1\/wp-json\/wp\/v2\/media?parent=153520"}],"wp:term":[{"taxonomy":"category","embeddable":true,"href":"https:\/\/www.caririemacao.com\/1\/wp-json\/wp\/v2\/categories?post=153520"},{"taxonomy":"post_tag","embeddable":true,"href":"https:\/\/www.caririemacao.com\/1\/wp-json\/wp\/v2\/tags?post=153520"}],"curies":[{"name":"wp","href":"https:\/\/api.w.org\/{rel}","templated":true}]}}