{"id":153526,"date":"2020-02-15T08:50:39","date_gmt":"2020-02-15T11:50:39","guid":{"rendered":"http:\/\/www.caririemacao.com\/1\/?p=153526"},"modified":"2020-02-15T08:50:40","modified_gmt":"2020-02-15T11:50:40","slug":"dolar-volta-a-cair-e-fecha-em-r-430-com-atuacao-do-bc","status":"publish","type":"post","link":"https:\/\/www.caririemacao.com\/1\/2020\/02\/15\/dolar-volta-a-cair-e-fecha-em-r-430-com-atuacao-do-bc\/","title":{"rendered":"D\u00f3lar volta a cair e fecha em R$ 4,30 com atua\u00e7\u00e3o do BC"},"content":{"rendered":"\n<p>A atua\u00e7\u00e3o do Banco Central (BC) no mercado futuro de c\u00e2mbio fez a cota\u00e7\u00e3o do d\u00f3lar norte-americano cair pelo segundo dia seguido. O d\u00f3lar comercial encerrou esta&nbsp;sexta-feira (14) vendido a R$ 4,301, com queda de R$ 0,034 (-0,79%).<\/p>\n\n\n\n<p>A divisa operou em queda durante toda a sess\u00e3o. Na m\u00ednima do dia, por volta das 16h30, o d\u00f3lar chegou a ser vendido a R$ 4,294, mas a cota\u00e7\u00e3o voltou a ficar acima de R$ 4,30 nos minutos finais de negocia\u00e7\u00e3o. A divisa encerrou a semana com queda de 0,84%. Esta foi a primeira vez no ano que a moeda registrou queda semanal. Em 2020, o d\u00f3lar acumula alta de 7,18%.<\/p>\n\n\n\n<p>Assim como&nbsp;ontem&nbsp;(13), o BC vendeu US$ 1 bilh\u00e3o em contratos de&nbsp;<em>swap<\/em>&nbsp;cambial, que equivalem \u00e0 venda de d\u00f3lares no mercado futuro. O BC n\u00e3o anunciou leil\u00f5es de novos contratos de&nbsp;<em>swap<\/em>&nbsp;para&nbsp;segunda-feira (17), apenas a continua\u00e7\u00e3o da rolagem (renova\u00e7\u00e3o) de US$ 650 milh\u00f5es di\u00e1rios que est\u00e1 sendo feita desde o in\u00edcio do m\u00eas.<\/p>\n\n\n\n<p>O mercado de a\u00e7\u00f5es n\u00e3o foi influenciado pelo c\u00e2mbio e teve a sess\u00e3o mercada pelo nervosismo. Pelo segundo dia seguido, o \u00edndice Ibovespa, da B3 (antiga Bolsa de Valores de S\u00e3o Paulo), caiu. O indicador fechou o dia com queda de 1,11%, aos 114.380 pontos. Depois da divulga\u00e7\u00e3o pelo Banco Central de que a atividade econ\u00f4mica&nbsp;<a href=\"http:\/\/agenciabrasil.ebc.com.br\/economia\/noticia\/2020-02\/atividade-economica-cresce-089-em-2019\" target=\"_blank\" rel=\"noreferrer noopener\">caiu 0,27%<\/a>&nbsp;em dezembro, o \u00edndice acelerou a queda.<\/p>\n\n\n\n<p>Nas \u00faltimas semanas, o d\u00f3lar tem sido pressionado. Entre os fatores&nbsp;dom\u00e9sticos, est\u00e1 a decis\u00e3o recente do Comit\u00ea de Pol\u00edtica Monet\u00e1ria (Copom) do Banco Central de reduzir a taxa Selic \u2013 juros b\u00e1sicos \u2013 para 4,25% ao ano, o menor n\u00edvel da hist\u00f3ria. Juros mais baixos desestimulam a entrada de capitais estrangeiros no Brasil, tamb\u00e9m puxando a cota\u00e7\u00e3o para cima.<\/p>\n\n\n\n<p>No cen\u00e1rio externo, o receio de que o surto de coronav\u00edrus traga impactos para a China planeta prejudica o Brasil. Isso porque uma eventual desacelera\u00e7\u00e3o do pa\u00eds asi\u00e1tico, o maior comprador de produtos brasileiros no exterior, pode reduzir as exporta\u00e7\u00f5es de produtos prim\u00e1rios. A queda das vendas externas diminui a entrada de d\u00f3lares no pa\u00eds, tamb\u00e9m pressionando o c\u00e2mbio.<\/p>\n","protected":false},"excerpt":{"rendered":"<p>A atua\u00e7\u00e3o do Banco Central (BC) no mercado futuro de c\u00e2mbio fez a cota\u00e7\u00e3o do d\u00f3lar norte-americano cair pelo segundo dia seguido. O d\u00f3lar comercial&hellip; <\/p>\n","protected":false},"author":2,"featured_media":107924,"comment_status":"closed","ping_status":"closed","sticky":false,"template":"","format":"standard","meta":{"sfsi_plus_gutenberg_text_before_share":"","sfsi_plus_gutenberg_show_text_before_share":"","sfsi_plus_gutenberg_icon_type":"","sfsi_plus_gutenberg_icon_alignemt":"","sfsi_plus_gutenburg_max_per_row":"","footnotes":""},"categories":[2],"tags":[],"class_list":["post-153526","post","type-post","status-publish","format-standard","has-post-thumbnail","hentry","category-geral"],"_links":{"self":[{"href":"https:\/\/www.caririemacao.com\/1\/wp-json\/wp\/v2\/posts\/153526","targetHints":{"allow":["GET"]}}],"collection":[{"href":"https:\/\/www.caririemacao.com\/1\/wp-json\/wp\/v2\/posts"}],"about":[{"href":"https:\/\/www.caririemacao.com\/1\/wp-json\/wp\/v2\/types\/post"}],"author":[{"embeddable":true,"href":"https:\/\/www.caririemacao.com\/1\/wp-json\/wp\/v2\/users\/2"}],"replies":[{"embeddable":true,"href":"https:\/\/www.caririemacao.com\/1\/wp-json\/wp\/v2\/comments?post=153526"}],"version-history":[{"count":1,"href":"https:\/\/www.caririemacao.com\/1\/wp-json\/wp\/v2\/posts\/153526\/revisions"}],"predecessor-version":[{"id":153527,"href":"https:\/\/www.caririemacao.com\/1\/wp-json\/wp\/v2\/posts\/153526\/revisions\/153527"}],"wp:featuredmedia":[{"embeddable":true,"href":"https:\/\/www.caririemacao.com\/1\/wp-json\/wp\/v2\/media\/107924"}],"wp:attachment":[{"href":"https:\/\/www.caririemacao.com\/1\/wp-json\/wp\/v2\/media?parent=153526"}],"wp:term":[{"taxonomy":"category","embeddable":true,"href":"https:\/\/www.caririemacao.com\/1\/wp-json\/wp\/v2\/categories?post=153526"},{"taxonomy":"post_tag","embeddable":true,"href":"https:\/\/www.caririemacao.com\/1\/wp-json\/wp\/v2\/tags?post=153526"}],"curies":[{"name":"wp","href":"https:\/\/api.w.org\/{rel}","templated":true}]}}