{"id":153530,"date":"2020-02-15T08:53:08","date_gmt":"2020-02-15T11:53:08","guid":{"rendered":"http:\/\/www.caririemacao.com\/1\/?p=153530"},"modified":"2020-02-15T08:53:10","modified_gmt":"2020-02-15T11:53:10","slug":"flamengo-esta-na-final-da-taca-guanabara","status":"publish","type":"post","link":"https:\/\/www.caririemacao.com\/1\/2020\/02\/15\/flamengo-esta-na-final-da-taca-guanabara\/","title":{"rendered":"Flamengo est\u00e1 na final da Ta\u00e7a Guanabara"},"content":{"rendered":"\n<p>Um Fla x Flu eletrizante! Com a presen\u00e7a de 59.025 torcedores, o rubro-negro superou o tricolor por 3 a 2. O resultado leva o time de Jorge Jesus \u00e0 final da Ta\u00e7a Guanabara, no s\u00e1bado (22) de Carnaval contra Boavista ou Volta Redonda, que jogam neste domingo (16).<\/p>\n\n\n\n<p>No Maracan\u00e3, nesta quarta (12) \u00e0 noite, o Flamengo saiu na frente com um minuto de jogo. Ap\u00f3s cruzamento do uruguaio Arrascaeta, Bruno Henrique cabeceou para as redes tricolores. Aos 8, Gabriel Barbosa ampliou o marcador. No segundo tempo, o artilheiro Gabigol passou de letra para Felipe Lu\u00eds chutar forte e vencer o goleiro Muriel. Foi o primeiro gol do lateral-esquerdo com a camisa do Flamengo.<\/p>\n\n\n\n<figure class=\"wp-block-image\"><img decoding=\"async\" data-src=\"http:\/\/imagens.ebc.com.br\/9Wml-pnXxDCPjp2mbf3wDpKlWc4=\/754x0\/smart\/http:\/\/agenciabrasil.ebc.com.br\/sites\/default\/files\/thumbnails\/image\/49528064987_a1d7934178_o.jpg?itok=TFdggWGs\" alt=\"Fluminense x Flamengo - 12\/02\/2020\" src=\"data:image\/svg+xml;base64,PHN2ZyB3aWR0aD0iMSIgaGVpZ2h0PSIxIiB4bWxucz0iaHR0cDovL3d3dy53My5vcmcvMjAwMC9zdmciPjwvc3ZnPg==\" class=\"lazyload\" \/><\/figure>\n\n\n\n<p>Rio de Janeiro &#8211; 12\/02\/2020 &#8211;&nbsp; Fluminense enfrenta o Flamengo no Maracan\u00e3 pela semifinal da Ta\u00e7a Guanabara 2020. Lucas Mer\u00e7on\/ Fluminense F.C.\u00a9<br><\/p>\n\n\n\n<p>Com tr\u00eas gols de vantagem, a partida parecia liquidada, mas o Fluminense reagiu e diminuiu a diferen\u00e7a com Luccas Claro e Evan\u00edlson. Como o empate classificava o tricolor, a equipe do treinador Odair Hellman lutou at\u00e9 o apito final do juiz, que s\u00f3 foi ouvido ap\u00f3s 8 minutos de acr\u00e9scimos.<\/p>\n\n\n\n<p>Apesar do esfor\u00e7o, o Flu n\u00e3o conseguiu igualar o marcador e agora vai ao Chile encarar o Uni\u00f3n La Callera pela Copa Sul-americana. J\u00e1 o Flamengo viaja a Bras\u00edlia, onde decide a Super Copa do Brasil contra o Athl\u00e9tico-PR.<\/p>\n","protected":false},"excerpt":{"rendered":"<p>Um Fla x Flu eletrizante! Com a presen\u00e7a de 59.025 torcedores, o rubro-negro superou o tricolor por 3 a 2. O resultado leva o time&hellip; <\/p>\n","protected":false},"author":2,"featured_media":153531,"comment_status":"closed","ping_status":"closed","sticky":false,"template":"","format":"standard","meta":{"sfsi_plus_gutenberg_text_before_share":"","sfsi_plus_gutenberg_show_text_before_share":"","sfsi_plus_gutenberg_icon_type":"","sfsi_plus_gutenberg_icon_alignemt":"","sfsi_plus_gutenburg_max_per_row":"","footnotes":""},"categories":[13],"tags":[],"class_list":["post-153530","post","type-post","status-publish","format-standard","has-post-thumbnail","hentry","category-esportes"],"_links":{"self":[{"href":"https:\/\/www.caririemacao.com\/1\/wp-json\/wp\/v2\/posts\/153530","targetHints":{"allow":["GET"]}}],"collection":[{"href":"https:\/\/www.caririemacao.com\/1\/wp-json\/wp\/v2\/posts"}],"about":[{"href":"https:\/\/www.caririemacao.com\/1\/wp-json\/wp\/v2\/types\/post"}],"author":[{"embeddable":true,"href":"https:\/\/www.caririemacao.com\/1\/wp-json\/wp\/v2\/users\/2"}],"replies":[{"embeddable":true,"href":"https:\/\/www.caririemacao.com\/1\/wp-json\/wp\/v2\/comments?post=153530"}],"version-history":[{"count":1,"href":"https:\/\/www.caririemacao.com\/1\/wp-json\/wp\/v2\/posts\/153530\/revisions"}],"predecessor-version":[{"id":153532,"href":"https:\/\/www.caririemacao.com\/1\/wp-json\/wp\/v2\/posts\/153530\/revisions\/153532"}],"wp:featuredmedia":[{"embeddable":true,"href":"https:\/\/www.caririemacao.com\/1\/wp-json\/wp\/v2\/media\/153531"}],"wp:attachment":[{"href":"https:\/\/www.caririemacao.com\/1\/wp-json\/wp\/v2\/media?parent=153530"}],"wp:term":[{"taxonomy":"category","embeddable":true,"href":"https:\/\/www.caririemacao.com\/1\/wp-json\/wp\/v2\/categories?post=153530"},{"taxonomy":"post_tag","embeddable":true,"href":"https:\/\/www.caririemacao.com\/1\/wp-json\/wp\/v2\/tags?post=153530"}],"curies":[{"name":"wp","href":"https:\/\/api.w.org\/{rel}","templated":true}]}}