{"id":153535,"date":"2020-02-15T08:56:15","date_gmt":"2020-02-15T11:56:15","guid":{"rendered":"http:\/\/www.caririemacao.com\/1\/?p=153535"},"modified":"2020-02-15T08:56:16","modified_gmt":"2020-02-15T11:56:16","slug":"ministerio-da-saude-quer-eliminar-sarampo-do-pais-ate-julho","status":"publish","type":"post","link":"https:\/\/www.caririemacao.com\/1\/2020\/02\/15\/ministerio-da-saude-quer-eliminar-sarampo-do-pais-ate-julho\/","title":{"rendered":"Minist\u00e9rio da Sa\u00fade quer eliminar sarampo do pa\u00eds at\u00e9 julho"},"content":{"rendered":"\n<p>O Minist\u00e9rio da Sa\u00fade estipulou como meta erradicar o sarampo at\u00e9 julho deste ano. A declara\u00e7\u00e3o do secret\u00e1rio de Vigil\u00e2ncia em Sa\u00fade (SVS) do minist\u00e9rio, Wanderson de Oliveira, ocorreu hoje (14), ap\u00f3s a&nbsp;<a href=\"http:\/\/agenciabrasil.ebc.com.br\/saude\/noticia\/2020-02\/morte-de-bebe-por-sarampo-e-a-primeira-em-20-anos-no-rio\" target=\"_blank\" rel=\"noreferrer noopener\">morte de uma crian\u00e7a de 9 anos&nbsp;<\/a>no Rio de Janeiro. \u201cNossa meta \u00e9 eliminar com o sarampo at\u00e9 1\u00ba de julho de 2020. Para isso temos que ter ades\u00e3o da popula\u00e7\u00e3o e dos gestores estaduais e municipais\u201d.<\/p>\n\n\n\n<p>O minist\u00e9rio lan\u00e7a amanh\u00e3 (15) o Dia D de vacina\u00e7\u00e3o contra o sarampo. O secret\u00e1rio-executivo da pasta, Jo\u00e3o Gabbardo, lamentou a morte da crian\u00e7a e acrescentou que a fatalidade serve de alerta para os pais e respons\u00e1veis vacinarem as crian\u00e7as. \u201cA morte dessa crian\u00e7a, tragicamente, \u00e9 o maior alerta que a gente pode fazer para que os pais levem as crian\u00e7as aos postos de sa\u00fade do Brasil inteiro para fazer a vacina\u201d.<\/p>\n\n\n\n<p>Segundo dados do minist\u00e9rio, o Brasil tem, atualmente 337 casos de sarampo registrados e confirmados. Foi feita uma campanha de mobiliza\u00e7\u00e3o contra o sarampo no ano passado, mas Wanderson de Oliveira lamentou a baixa ades\u00e3o entre os adultos. \u201cO movimento foi preparado para eliminarmos o sarampo do territ\u00f3rio nacional. Ent\u00e3o, come\u00e7amos numa primeira fase com crian\u00e7as menores de 5 anos. Depois, numa segunda fase, de 20 a 29 anos. Nessa fase, a vacina\u00e7\u00e3o foi muito baixa. Distribu\u00edmos 9 milh\u00f5es de doses de vacina e fizemos pouco mais de 1,8 milh\u00e3o\u201d.<\/p>\n\n\n\n<p>A campanha, cujo Dia D ser\u00e1 amanh\u00e3, tem como p\u00fablico-alvo pessoas de 5 a 19 anos, mas, ap\u00f3s a morte no Rio de Janeiro, o chefe da SVS incentivou a vacina\u00e7\u00e3o de crian\u00e7as a partir de seis meses. \u201cA faixa et\u00e1ria de vacina\u00e7\u00e3o regular \u00e9 1 ano de idade, mas a gente vem desde o ano passado orientando vacina\u00e7\u00e3o de crian\u00e7as acima de 6 meses at\u00e9 11 meses e 29 dias\u201d. Ap\u00f3s esta fase da campanha, uma nova ter\u00e1 in\u00edcio, com vacina\u00e7\u00e3o de todas as idades. H\u00e1 ainda a possibilidade de realizar uma campanha de dupla vacina\u00e7\u00e3o, com sarampo e influenza.<\/p>\n","protected":false},"excerpt":{"rendered":"<p>O Minist\u00e9rio da Sa\u00fade estipulou como meta erradicar o sarampo at\u00e9 julho deste ano. A declara\u00e7\u00e3o do secret\u00e1rio de Vigil\u00e2ncia em Sa\u00fade (SVS) do minist\u00e9rio,&hellip; <\/p>\n","protected":false},"author":2,"featured_media":131718,"comment_status":"closed","ping_status":"closed","sticky":false,"template":"","format":"standard","meta":{"sfsi_plus_gutenberg_text_before_share":"","sfsi_plus_gutenberg_show_text_before_share":"","sfsi_plus_gutenberg_icon_type":"","sfsi_plus_gutenberg_icon_alignemt":"","sfsi_plus_gutenburg_max_per_row":"","footnotes":""},"categories":[16],"tags":[],"class_list":["post-153535","post","type-post","status-publish","format-standard","has-post-thumbnail","hentry","category-saude"],"_links":{"self":[{"href":"https:\/\/www.caririemacao.com\/1\/wp-json\/wp\/v2\/posts\/153535","targetHints":{"allow":["GET"]}}],"collection":[{"href":"https:\/\/www.caririemacao.com\/1\/wp-json\/wp\/v2\/posts"}],"about":[{"href":"https:\/\/www.caririemacao.com\/1\/wp-json\/wp\/v2\/types\/post"}],"author":[{"embeddable":true,"href":"https:\/\/www.caririemacao.com\/1\/wp-json\/wp\/v2\/users\/2"}],"replies":[{"embeddable":true,"href":"https:\/\/www.caririemacao.com\/1\/wp-json\/wp\/v2\/comments?post=153535"}],"version-history":[{"count":1,"href":"https:\/\/www.caririemacao.com\/1\/wp-json\/wp\/v2\/posts\/153535\/revisions"}],"predecessor-version":[{"id":153536,"href":"https:\/\/www.caririemacao.com\/1\/wp-json\/wp\/v2\/posts\/153535\/revisions\/153536"}],"wp:featuredmedia":[{"embeddable":true,"href":"https:\/\/www.caririemacao.com\/1\/wp-json\/wp\/v2\/media\/131718"}],"wp:attachment":[{"href":"https:\/\/www.caririemacao.com\/1\/wp-json\/wp\/v2\/media?parent=153535"}],"wp:term":[{"taxonomy":"category","embeddable":true,"href":"https:\/\/www.caririemacao.com\/1\/wp-json\/wp\/v2\/categories?post=153535"},{"taxonomy":"post_tag","embeddable":true,"href":"https:\/\/www.caririemacao.com\/1\/wp-json\/wp\/v2\/tags?post=153535"}],"curies":[{"name":"wp","href":"https:\/\/api.w.org\/{rel}","templated":true}]}}