{"id":153538,"date":"2020-02-15T09:00:25","date_gmt":"2020-02-15T12:00:25","guid":{"rendered":"http:\/\/www.caririemacao.com\/1\/?p=153538"},"modified":"2020-02-15T09:00:27","modified_gmt":"2020-02-15T12:00:27","slug":"secretaria-de-planejamento-faz-balanco-das-obras-executadas-e-planejadas-no-municipio","status":"publish","type":"post","link":"https:\/\/www.caririemacao.com\/1\/2020\/02\/15\/secretaria-de-planejamento-faz-balanco-das-obras-executadas-e-planejadas-no-municipio\/","title":{"rendered":"Secretaria de Planejamento faz balan\u00e7o das obras executadas e planejadas no munic\u00edpio"},"content":{"rendered":"\n<p>A Secretaria de Planejamento de Monteiro, cumprindo o compromisso firmado com os monteirenses atrav\u00e9s da gest\u00e3o da prefeita Anna Lorena, divulgou esta semana informa\u00e7\u00f5es a respeito das obras no munic\u00edpio.<\/p>\n\n\n\n<p>Uma das obras j\u00e1 presentes e servindo \u00e0 cidade s\u00e3o os cinco Pontos de Motot\u00e1xi&nbsp;espalhados pelo centro proporcionando conforto ao mototaxista e comodidade ao cliente que j\u00e1 identifica rapidamente onde pode encontrar o servi\u00e7o. A a\u00e7\u00e3o da prefeitura com recursos pr\u00f3prios foi aprovado pela popula\u00e7\u00e3o e pela classe beneficiada.<\/p>\n\n\n\n<p>Ainda conforme divulgado na \u00faltima semana durante o lan\u00e7amento do Programa Cidade Trabalho 2, onde a prefeita Anna Lorena apresentou \u00e0 comunidade os projetos e melhorias que ser\u00e3o iniciadas brevemente em Monteiro, as obras do Parque Tur\u00edstico e do Terminal Rodovi\u00e1rio est\u00e3o a todo vapor cumprindo o cronograma.Quando finalizado o Parque Tur\u00edstico, localizado no desemboque das \u00e1guas da transposi\u00e7\u00e3o, al\u00e9m de proporcionar conforto e seguran\u00e7a aos banhistas e visitantes atrav\u00e9s da organiza\u00e7\u00e3o do com\u00e9rcio no local, tamb\u00e9m agregar\u00e1 beleza ao local atrav\u00e9s do projeto arquitet\u00f4nico amplo e moderno.<\/p>\n\n\n\n<p>J\u00e1 o Terminal Rodovi\u00e1rio, t\u00e3o solicitado pela popula\u00e7\u00e3o, comportar\u00e1 em seu espa\u00e7o as diversas empresas de \u00f4nibus, desta forma favorecendo o acesso \u00e0 popula\u00e7\u00e3o aos transportes intermunicipais.Outra obra anunciada no Programa Cidade do Trabalho 1 foi o programa habitacional Cidade Madura, mais um fruto da parceria com o Governo do Estado, que ser\u00e1 implantado no bairro do Mutir\u00e3o, e que j\u00e1 foi licitada pelo Estado.<\/p>\n\n\n\n<p>A Academia de Sa\u00fade que contemplar\u00e1 a popula\u00e7\u00e3o do bairro do Alto da Serra e adjac\u00eancas, est\u00e1 em conclus\u00e3o de projeto para or\u00e7ar e em seguida licitar. A obra se localizar\u00e1 ao lado da UBS 13.Com rela\u00e7\u00e3o \u00e0s pavimenta\u00e7\u00f5es a secret\u00e1ria de Planejamento, Waldirene Alves, informa que as obras com recursos federais j\u00e1 foram realizadas as Ruas Francisco de Assis Bastos e Izauro Salvino Liberal. J\u00e1 as obras com recurso pr\u00f3prio, devido a um problema nos tramites, est\u00e3o sendo licitadas novamente, para que sejam realizadas juntamente com as novas ruas do Programa Cidade Trabalho 2, que somar\u00e3o um total de 35 ruas.<\/p>\n\n\n\n<p>Na \u00e1rea esportiva, as obras da primeira etapa do Est\u00e1dio Feitos\u00e3o est\u00e3o a todo vapor. \u201cAs obras do Feitos\u00e3o est\u00e3o a todo vapor, bem adiantadas e tamb\u00e9m j\u00e1 estamos concluindo os projetos da segunda etapa. O recurso federal j\u00e1 foi garantido pelo deputado federal Wellington Roberto\u201d, disse a secret\u00e1ria da pasta.<\/p>\n\n\n\n<p>\u201cNossa meta \u00e9 trazer a maior quantidade de benef\u00edcios para o munic\u00edpio. Batemos \u00e0s portas em Bras\u00edlia, Jo\u00e3o Pessoa e em qualquer lugar que saibamos que possa contribuir para o crescimento de Monteiro. Nossa meta \u00e9 uma melhor sa\u00fade, educa\u00e7\u00e3o, infraestrutura, agricultura, enfim, uma Monteiro cada vez melhor\u201d, disse a prefeita Anna Lorena.ASCOM<\/p>\n","protected":false},"excerpt":{"rendered":"<p>A Secretaria de Planejamento de Monteiro, cumprindo o compromisso firmado com os monteirenses atrav\u00e9s da gest\u00e3o da prefeita Anna Lorena, divulgou esta semana informa\u00e7\u00f5es a&hellip; <\/p>\n","protected":false},"author":2,"featured_media":153539,"comment_status":"closed","ping_status":"closed","sticky":false,"template":"","format":"standard","meta":{"sfsi_plus_gutenberg_text_before_share":"","sfsi_plus_gutenberg_show_text_before_share":"","sfsi_plus_gutenberg_icon_type":"","sfsi_plus_gutenberg_icon_alignemt":"","sfsi_plus_gutenburg_max_per_row":"","footnotes":""},"categories":[2],"tags":[],"class_list":["post-153538","post","type-post","status-publish","format-standard","has-post-thumbnail","hentry","category-geral"],"_links":{"self":[{"href":"https:\/\/www.caririemacao.com\/1\/wp-json\/wp\/v2\/posts\/153538","targetHints":{"allow":["GET"]}}],"collection":[{"href":"https:\/\/www.caririemacao.com\/1\/wp-json\/wp\/v2\/posts"}],"about":[{"href":"https:\/\/www.caririemacao.com\/1\/wp-json\/wp\/v2\/types\/post"}],"author":[{"embeddable":true,"href":"https:\/\/www.caririemacao.com\/1\/wp-json\/wp\/v2\/users\/2"}],"replies":[{"embeddable":true,"href":"https:\/\/www.caririemacao.com\/1\/wp-json\/wp\/v2\/comments?post=153538"}],"version-history":[{"count":1,"href":"https:\/\/www.caririemacao.com\/1\/wp-json\/wp\/v2\/posts\/153538\/revisions"}],"predecessor-version":[{"id":153540,"href":"https:\/\/www.caririemacao.com\/1\/wp-json\/wp\/v2\/posts\/153538\/revisions\/153540"}],"wp:featuredmedia":[{"embeddable":true,"href":"https:\/\/www.caririemacao.com\/1\/wp-json\/wp\/v2\/media\/153539"}],"wp:attachment":[{"href":"https:\/\/www.caririemacao.com\/1\/wp-json\/wp\/v2\/media?parent=153538"}],"wp:term":[{"taxonomy":"category","embeddable":true,"href":"https:\/\/www.caririemacao.com\/1\/wp-json\/wp\/v2\/categories?post=153538"},{"taxonomy":"post_tag","embeddable":true,"href":"https:\/\/www.caririemacao.com\/1\/wp-json\/wp\/v2\/tags?post=153538"}],"curies":[{"name":"wp","href":"https:\/\/api.w.org\/{rel}","templated":true}]}}