{"id":153542,"date":"2020-02-15T09:01:36","date_gmt":"2020-02-15T12:01:36","guid":{"rendered":"http:\/\/www.caririemacao.com\/1\/?p=153542"},"modified":"2020-02-15T09:01:38","modified_gmt":"2020-02-15T12:01:38","slug":"empreendedoras-sumeenses-participam-de-roda-de-conversa-sobre-violencia-contra-mulheres","status":"publish","type":"post","link":"https:\/\/www.caririemacao.com\/1\/2020\/02\/15\/empreendedoras-sumeenses-participam-de-roda-de-conversa-sobre-violencia-contra-mulheres\/","title":{"rendered":"Empreendedoras sumeenses participam de roda de conversa sobre viol\u00eancia contra mulheres"},"content":{"rendered":"\n<p>O Centro Intermunicipal de Atendimento \u00e0s Mulheres do Cariri (CRIAMC) promoveu durante essa semana, roda de conversa com mulheres empreendedoras de Sum\u00e9 sobre estrat\u00e9gias de enfrentamento \u00e0 viol\u00eancia contra as mulheres.<\/p>\n\n\n\n<p>Segundo a coordenadora do CRIAMC, Lucineide Lima, o encontro teve como objetivo principal despertar o sentimento de uni\u00e3o entre as mulheres para que elas, por meio de seus empreendimentos, possam usar o seu potencial e contribuir no enfrentamento da quest\u00e3o.<\/p>\n\n\n\n<p>A comerciante sumeense, Francilda Queiroz, disse que ficou muito feliz com o momento e principalmente em conhecer o Centro de Atendimento \u00e0s Mulheres do Cariri. Ela acrescentou ainda que o momento serviu para aumentar ainda mais a sua coragem na defesa dessas v\u00edtimas de viol\u00eancia, que n\u00e3o \u00e9 s\u00f3 f\u00edsica, mas tamb\u00e9m verbal, afirmou. &nbsp;<\/p>\n\n\n\n<p>A propriet\u00e1ria de um sal\u00e3o de beleza em Sum\u00e9, Emily Xiliu, tamb\u00e9m destacou que ficou feliz com o convite e que a palestra fez com que ela sa\u00edsse mais revigorada e fortalecida para poder ajudar outras mulheres que frequentam cotidianamente o seu empreendimento, com os mais variados relatos sobre viol\u00eancia dom\u00e9stica.&nbsp;<\/p>\n\n\n\n<p>A advogada Meyre Ruth disse que as mulheres empreendedoras de Sum\u00e9, ao conhecerem os servi\u00e7os realizados no Centro de Atendimento, poder\u00e3o referenci\u00e1-lo a outras mulheres que s\u00e3o v\u00edtimas de viol\u00eancia. Meyre ainda destacou que essa uni\u00e3o de mulheres em prol da causa \u00e9 muito importante e faz toda diferen\u00e7a, uma vez que essa quest\u00e3o independe de cor, idade ou classe social.<\/p>\n\n\n\n<p>O Centro Intermunicipal de Atendimento \u00e0s Mulheres&nbsp;do Cariri fica localizado na Rua Hugo Santa Cruz, 394, em frente ao Est\u00e1dio O Jacint\u00e3o.&nbsp;<\/p>\n\n\n\n<p>Ascom PMS<\/p>\n","protected":false},"excerpt":{"rendered":"<p>O Centro Intermunicipal de Atendimento \u00e0s Mulheres do Cariri (CRIAMC) promoveu durante essa semana, roda de conversa com mulheres empreendedoras de Sum\u00e9 sobre estrat\u00e9gias de&hellip; <\/p>\n","protected":false},"author":2,"featured_media":153543,"comment_status":"closed","ping_status":"closed","sticky":false,"template":"","format":"standard","meta":{"sfsi_plus_gutenberg_text_before_share":"","sfsi_plus_gutenberg_show_text_before_share":"","sfsi_plus_gutenberg_icon_type":"","sfsi_plus_gutenberg_icon_alignemt":"","sfsi_plus_gutenburg_max_per_row":"","footnotes":""},"categories":[2],"tags":[],"class_list":["post-153542","post","type-post","status-publish","format-standard","has-post-thumbnail","hentry","category-geral"],"_links":{"self":[{"href":"https:\/\/www.caririemacao.com\/1\/wp-json\/wp\/v2\/posts\/153542","targetHints":{"allow":["GET"]}}],"collection":[{"href":"https:\/\/www.caririemacao.com\/1\/wp-json\/wp\/v2\/posts"}],"about":[{"href":"https:\/\/www.caririemacao.com\/1\/wp-json\/wp\/v2\/types\/post"}],"author":[{"embeddable":true,"href":"https:\/\/www.caririemacao.com\/1\/wp-json\/wp\/v2\/users\/2"}],"replies":[{"embeddable":true,"href":"https:\/\/www.caririemacao.com\/1\/wp-json\/wp\/v2\/comments?post=153542"}],"version-history":[{"count":1,"href":"https:\/\/www.caririemacao.com\/1\/wp-json\/wp\/v2\/posts\/153542\/revisions"}],"predecessor-version":[{"id":153544,"href":"https:\/\/www.caririemacao.com\/1\/wp-json\/wp\/v2\/posts\/153542\/revisions\/153544"}],"wp:featuredmedia":[{"embeddable":true,"href":"https:\/\/www.caririemacao.com\/1\/wp-json\/wp\/v2\/media\/153543"}],"wp:attachment":[{"href":"https:\/\/www.caririemacao.com\/1\/wp-json\/wp\/v2\/media?parent=153542"}],"wp:term":[{"taxonomy":"category","embeddable":true,"href":"https:\/\/www.caririemacao.com\/1\/wp-json\/wp\/v2\/categories?post=153542"},{"taxonomy":"post_tag","embeddable":true,"href":"https:\/\/www.caririemacao.com\/1\/wp-json\/wp\/v2\/tags?post=153542"}],"curies":[{"name":"wp","href":"https:\/\/api.w.org\/{rel}","templated":true}]}}