{"id":153545,"date":"2020-02-15T10:17:53","date_gmt":"2020-02-15T13:17:53","guid":{"rendered":"http:\/\/www.caririemacao.com\/1\/?p=153545"},"modified":"2020-02-15T10:17:54","modified_gmt":"2020-02-15T13:17:54","slug":"80-das-criancas-com-cancer-alcancam-a-cura-quando-diagnostico-e-precoce","status":"publish","type":"post","link":"https:\/\/www.caririemacao.com\/1\/2020\/02\/15\/80-das-criancas-com-cancer-alcancam-a-cura-quando-diagnostico-e-precoce\/","title":{"rendered":"80% das crian\u00e7as com c\u00e2ncer alcan\u00e7am a cura quando diagn\u00f3stico \u00e9 precoce"},"content":{"rendered":"\n<p>Receber o diagn\u00f3stico de um c\u00e2ncer para um indiv\u00edduo que j\u00e1 \u00e9 adulto n\u00e3o \u00e9 nada f\u00e1cil. Agora uma m\u00e3e e um pai descobrirem que um filho, com t\u00e3o pouca idade e, ao mesmo tempo com tanta coisa para descobrir, aprender e viver ser diagnosticado com c\u00e2ncer, \u00e9 bem mais complicado. Como dizer ao filho, isso quando esse j\u00e1 tem um entendimento melhor das coisas, que ele est\u00e1 com c\u00e2ncer? O que fazer para que o pequeno entenda que \u00e9 poss\u00edvel obter a cura?<\/p>\n\n\n\n<p>De acordo com o Instituto Nacional de C\u00e2ncer (Inca), os tumores mais frequentes na inf\u00e2ncia s\u00e3o as leucemia, que afetam os gl\u00f3bulos brancos; os que atingem o sistema nervoso central e os linfomas (sistema linf\u00e1tico).<\/p>\n\n\n\n<p>A estimativa \u00e9 de que em 2020 sejam diagnosticados 8.460 novos casos de c\u00e2ncer infantojuvenil. Sendo 4.310 para o sexo masculino e 4.150 para o sexo feminino. Apesar de o c\u00e2ncer ser uma doen\u00e7a grave, cerca de 80% das crian\u00e7as e adolescentes atingidas pela doen\u00e7a podem ser curados, se o diagn\u00f3stico ocorrer de forma precoce.<\/p>\n\n\n\n<p>Pensando nesta necessidade de diagnosticar a doen\u00e7a precocemente, a coordena\u00e7\u00e3o da 4\u00aa Edi\u00e7\u00e3o da Corrida do Bem aproveita o Dia Mundial de Combate ao C\u00e2ncer Infantil, celebrado neste s\u00e1bado (15), para lembrar que a cidade de Campina Grande recebe no dia 9 de maio, mais uma a\u00e7\u00e3o que objetiva arrecadar recursos para Funda\u00e7\u00e3o Assistencial da Para\u00edba (FAP), institui\u00e7\u00e3o que atua no tratamento de pessoas com c\u00e2ncer h\u00e1 55 anos.<\/p>\n\n\n\n<p>A 4\u00aa Edi\u00e7\u00e3o da Corrida do Bem ter\u00e1 tr\u00eas percursos: 3 km, 5 km e 10 km todos iniciam no Partage Shopping, na Avenida Bras\u00edlia em Campina Grande. A prova contar\u00e1 com as categorias masculina, feminina e paraol\u00edmpica e as inscri\u00e7\u00f5es custam R$ 60. A atividade \u00e9 coordenada e idealizada pelo ex-deputado estadual e autor do Estatuto da Pessoa com C\u00e2ncer, Bruno Cunha Lima.<\/p>\n\n\n\n<p><strong>FAP&nbsp;<\/strong>\u2013 A Funda\u00e7\u00e3o Assistencial da Para\u00edba \u00e9 uma entidade filantr\u00f3pica, fundada em mar\u00e7o de 1965, na cidade de Campina Grande. O atendimento foi ampliado em 1999, com o atendimento a um paciente acometido de c\u00e2ncer com a inaugura\u00e7\u00e3o do \u201cCentro de Cancerologia Dr. Ulisses Pinto\u201d.<\/p>\n","protected":false},"excerpt":{"rendered":"<p>Receber o diagn\u00f3stico de um c\u00e2ncer para um indiv\u00edduo que j\u00e1 \u00e9 adulto n\u00e3o \u00e9 nada f\u00e1cil. Agora uma m\u00e3e e um pai descobrirem que&hellip; <\/p>\n","protected":false},"author":2,"featured_media":153546,"comment_status":"closed","ping_status":"closed","sticky":false,"template":"","format":"standard","meta":{"sfsi_plus_gutenberg_text_before_share":"","sfsi_plus_gutenberg_show_text_before_share":"","sfsi_plus_gutenberg_icon_type":"","sfsi_plus_gutenberg_icon_alignemt":"","sfsi_plus_gutenburg_max_per_row":"","footnotes":""},"categories":[50,16],"tags":[],"class_list":["post-153545","post","type-post","status-publish","format-standard","has-post-thumbnail","hentry","category-destaque","category-saude"],"_links":{"self":[{"href":"https:\/\/www.caririemacao.com\/1\/wp-json\/wp\/v2\/posts\/153545","targetHints":{"allow":["GET"]}}],"collection":[{"href":"https:\/\/www.caririemacao.com\/1\/wp-json\/wp\/v2\/posts"}],"about":[{"href":"https:\/\/www.caririemacao.com\/1\/wp-json\/wp\/v2\/types\/post"}],"author":[{"embeddable":true,"href":"https:\/\/www.caririemacao.com\/1\/wp-json\/wp\/v2\/users\/2"}],"replies":[{"embeddable":true,"href":"https:\/\/www.caririemacao.com\/1\/wp-json\/wp\/v2\/comments?post=153545"}],"version-history":[{"count":1,"href":"https:\/\/www.caririemacao.com\/1\/wp-json\/wp\/v2\/posts\/153545\/revisions"}],"predecessor-version":[{"id":153547,"href":"https:\/\/www.caririemacao.com\/1\/wp-json\/wp\/v2\/posts\/153545\/revisions\/153547"}],"wp:featuredmedia":[{"embeddable":true,"href":"https:\/\/www.caririemacao.com\/1\/wp-json\/wp\/v2\/media\/153546"}],"wp:attachment":[{"href":"https:\/\/www.caririemacao.com\/1\/wp-json\/wp\/v2\/media?parent=153545"}],"wp:term":[{"taxonomy":"category","embeddable":true,"href":"https:\/\/www.caririemacao.com\/1\/wp-json\/wp\/v2\/categories?post=153545"},{"taxonomy":"post_tag","embeddable":true,"href":"https:\/\/www.caririemacao.com\/1\/wp-json\/wp\/v2\/tags?post=153545"}],"curies":[{"name":"wp","href":"https:\/\/api.w.org\/{rel}","templated":true}]}}