{"id":153551,"date":"2020-02-15T10:52:00","date_gmt":"2020-02-15T13:52:00","guid":{"rendered":"http:\/\/www.caririemacao.com\/1\/?p=153551"},"modified":"2020-02-15T10:52:02","modified_gmt":"2020-02-15T13:52:02","slug":"brasil-tem-mais-de-700-mil-encarcerados-maioria-no-regime-fechado","status":"publish","type":"post","link":"https:\/\/www.caririemacao.com\/1\/2020\/02\/15\/brasil-tem-mais-de-700-mil-encarcerados-maioria-no-regime-fechado\/","title":{"rendered":"Brasil tem mais de 700 mil encarcerados; maioria no regime fechado"},"content":{"rendered":"\n<p>O Brasil tem mais de 773 mil presos em unidades prisionais e nas carceragens das delegacias. Os n\u00fameros, relativos a junho de 2019, foram divulgados nesta sexta-feira (14), pelo Departamento Penitenci\u00e1rio Nacional (Depen), \u00f3rg\u00e3o ligado ao Minist\u00e9rio da Justi\u00e7a e Seguran\u00e7a P\u00fablica.<\/p>\n\n\n\n<p>O n\u00famero de presos nas unidades carcer\u00e1rias soma 758.676, a maioria, 348.371, no regime fechado, quase a metade do total de aprisionados, 45,92%. Os dados mostram um crescimento dessa popula\u00e7\u00e3o de 3,89% em rela\u00e7\u00e3o ao apurado em 2018. As informa\u00e7\u00f5es s\u00e3o da Ag\u00eancia Brasil.<\/p>\n\n\n\n<p>Os presos provisoriamente \u2013 que ainda n\u00e3o foram condenados \u2013 constituem o segundo maior contingente, com 253.963, representando 33,47% do total. Os presos no semiaberto, 16,63%, somam 126.146, e os no regime aberto s\u00e3o 27.069, representando 3,57% do total. J\u00e1 os que est\u00e3o em medida de seguran\u00e7a ou em tratamento ambulatorial somam 3.127 pessoas.<\/p>\n\n\n\n<p>Os n\u00fameros mostram ainda que faltam 312.125 vagas nas unidades carcer\u00e1rias do pa\u00eds e que as vagas dispon\u00edveis s\u00e3o 461.026.<\/p>\n\n\n\n<p>A quase totalidade dos presos \u00e9 do sexo masculino, representando mais de 90%. As mulheres representam pouco mais de 8%.<\/p>\n\n\n\n<p>Os dados mostram ainda que houve um aumento no n\u00famero de mulheres encarceradas, na compara\u00e7\u00e3o com 2018. Em 2019, foram 37,8 mil presas, contra 36,4 mil em 2018. O resultado rompe a tend\u00eancia de queda no encarceramento feminino, que vinha sendo registrada desde 2016.<\/p>\n\n\n\n<figure class=\"wp-block-image\"><img decoding=\"async\" data-src=\"https:\/\/paraibaonline.com.br\/wp-content\/uploads\/2019\/11\/Fabiano-Bordignon1-567x372.jpg\" alt=\"Foto: Ag\u00eancia C\u00e2mara\" class=\"wp-image-819659 lazyload\" src=\"data:image\/svg+xml;base64,PHN2ZyB3aWR0aD0iMSIgaGVpZ2h0PSIxIiB4bWxucz0iaHR0cDovL3d3dy53My5vcmcvMjAwMC9zdmciPjwvc3ZnPg==\" style=\"--smush-placeholder-width: 567px; --smush-placeholder-aspect-ratio: 567\/372;\" \/><\/figure>\n\n\n\n<p>Foto: Ag\u00eancia C\u00e2mara<\/p>\n\n\n\n<p>A maioria dos presos, 39,42%, responde por crimes relacionados \u00e0s drogas, como o tr\u00e1fico. Em seguida vem os presos por crimes contra o patrim\u00f4nio, que respondem por 36,74% do total de crimes. Os crimes contra a pessoa somam 11,38% e os crimes contra a dignidade sexual representam 4,3%.<\/p>\n\n\n\n<p>VAGAS<br>Durante a apresenta\u00e7\u00e3o dos dados, o diretor-geral do Depen, Fabiano Bordignon, disse que o governo est\u00e1 trabalhando para reduzir o d\u00e9ficit de vagas nos pres\u00eddios. Segundo Bordignon, a estimativa \u00e9 que sejam criadas 20 mil vagas este ano. A previs\u00e3o \u00e9 de um total de 100 mil at\u00e9 2022.<\/p>\n\n\n\n<p>\u201cN\u00e3o temos muitos presos no Brasil, na verdade temos poucas vagas. O problema n\u00e3o \u00e9 quantos presos voc\u00ea tem, mas o que voc\u00ea faz com os presos que possui. Tem que ter trabalho\u201d, disse Bordigon.<\/p>\n\n\n\n<p>De acordo com o diretor, al\u00e9m da cria\u00e7\u00e3o de vagas, tamb\u00e9m \u00e9 prioridade do governo investir em projetos voltados para a forma\u00e7\u00e3o profissional dos presos e na aten\u00e7\u00e3o aos egressos.<\/p>\n\n\n\n<p>\u201cO trabalho \u00e9 uma possibilidade, uma ferramenta de tomada de controle [dos presos]\u201d, disse Bordigon, para quem deve haver uma aten\u00e7\u00e3o especial aos egressos do sistema prisional. \u201c\u00c0s vezes voc\u00ea investindo R$ 50 por preso egresso, ele n\u00e3o volta para uma unidade prisional e vamos ter mais uma vaga\u201d, acrescentou.<\/p>\n\n\n\n<p>Bordingon disse ainda que o n\u00famero de presos provis\u00f3rios no pa\u00eds n\u00e3o \u00e9 grande, se comparado ao total de popula\u00e7\u00e3o. De acordo com o diretor, em n\u00fameros relativos, o Brasil ocupa a 24\u00aa posi\u00e7\u00e3o entre os pa\u00edses com o maior n\u00famero de presos provis\u00f3rios.<\/p>\n\n\n\n<p>\u201cQuem est\u00e1 na frente da gente s\u00e3o Estados Unidos, Cuba, que chegam a 550 presos a cada 100 mil habitantes\u201d, disse.<\/p>\n","protected":false},"excerpt":{"rendered":"<p>O Brasil tem mais de 773 mil presos em unidades prisionais e nas carceragens das delegacias. Os n\u00fameros, relativos a junho de 2019, foram divulgados&hellip; <\/p>\n","protected":false},"author":2,"featured_media":78062,"comment_status":"closed","ping_status":"closed","sticky":false,"template":"","format":"standard","meta":{"sfsi_plus_gutenberg_text_before_share":"","sfsi_plus_gutenberg_show_text_before_share":"","sfsi_plus_gutenberg_icon_type":"","sfsi_plus_gutenberg_icon_alignemt":"","sfsi_plus_gutenburg_max_per_row":"","footnotes":""},"categories":[2],"tags":[],"class_list":["post-153551","post","type-post","status-publish","format-standard","has-post-thumbnail","hentry","category-geral"],"_links":{"self":[{"href":"https:\/\/www.caririemacao.com\/1\/wp-json\/wp\/v2\/posts\/153551","targetHints":{"allow":["GET"]}}],"collection":[{"href":"https:\/\/www.caririemacao.com\/1\/wp-json\/wp\/v2\/posts"}],"about":[{"href":"https:\/\/www.caririemacao.com\/1\/wp-json\/wp\/v2\/types\/post"}],"author":[{"embeddable":true,"href":"https:\/\/www.caririemacao.com\/1\/wp-json\/wp\/v2\/users\/2"}],"replies":[{"embeddable":true,"href":"https:\/\/www.caririemacao.com\/1\/wp-json\/wp\/v2\/comments?post=153551"}],"version-history":[{"count":1,"href":"https:\/\/www.caririemacao.com\/1\/wp-json\/wp\/v2\/posts\/153551\/revisions"}],"predecessor-version":[{"id":153553,"href":"https:\/\/www.caririemacao.com\/1\/wp-json\/wp\/v2\/posts\/153551\/revisions\/153553"}],"wp:featuredmedia":[{"embeddable":true,"href":"https:\/\/www.caririemacao.com\/1\/wp-json\/wp\/v2\/media\/78062"}],"wp:attachment":[{"href":"https:\/\/www.caririemacao.com\/1\/wp-json\/wp\/v2\/media?parent=153551"}],"wp:term":[{"taxonomy":"category","embeddable":true,"href":"https:\/\/www.caririemacao.com\/1\/wp-json\/wp\/v2\/categories?post=153551"},{"taxonomy":"post_tag","embeddable":true,"href":"https:\/\/www.caririemacao.com\/1\/wp-json\/wp\/v2\/tags?post=153551"}],"curies":[{"name":"wp","href":"https:\/\/api.w.org\/{rel}","templated":true}]}}