{"id":153552,"date":"2020-02-15T11:36:31","date_gmt":"2020-02-15T14:36:31","guid":{"rendered":"http:\/\/www.caririemacao.com\/1\/?p=153552"},"modified":"2020-02-15T11:39:06","modified_gmt":"2020-02-15T14:39:06","slug":"sandro-moco-fala-sobre-carnaval-e-sobre-acoes-como-prefeito-de-camalau","status":"publish","type":"post","link":"https:\/\/www.caririemacao.com\/1\/2020\/02\/15\/sandro-moco-fala-sobre-carnaval-e-sobre-acoes-como-prefeito-de-camalau\/","title":{"rendered":"Sandro M\u00f4co fala sobre carnaval e sobre a\u00e7\u00f5es como prefeito de Camala\u00fa"},"content":{"rendered":"\n<p><\/p>\n\n\n\n<p>O prefeito de Camala\u00fa, Sandro Moco, esteve na manh\u00e3 deste s\u00e1bado (15), dando uma entrevista ao programa Cariri em A\u00e7\u00e3o na R\u00e1dio Cidade Sum\u00e9.<\/p>\n\n\n\n<p>Ele falou sobre a import\u00e2ncia do carnaval para a cidade de Camala\u00fa, falou da seguran\u00e7a que este ano ser\u00e1 refor\u00e7ada,  atrav\u00e9s das c\u00e2meras de seguran\u00e7a, que fog\u00e3o instaladas essa semana. <\/p>\n\n\n\n<p>Ele falou ainda sobre a quest\u00e3o do A\u00e7\u00e3o Social que \u00e9 feita atrav\u00e9s do carnaval. Com o intu\u00eddo de ajudar as fam\u00edlia carentes. Por isso o nome Carnaval Solid\u00e1rio. Contando assim com o apoio dos foli\u00f5es em levar 2 Kgde alimentos para particar do Carnaval. <\/p>\n\n\n\n<p>Sandro M\u00f4co comentou sobre a estrutura da cidade, disse que h\u00e1 pousadas e casas para serem alugadas para todos que desejem passar o per\u00edodo carnavalesco.<\/p>\n\n\n\n<p>Ele ainda contou sobre o processo de revitaliza\u00e7\u00e3o do centro da cidade, ainda falou que at\u00e9 o carnaval as obras ser\u00e3o conclu\u00eddas. Disse ainda que est\u00e1 sendo constru\u00eddo um p\u00f3rtico com o nome da cidade. E que pretende  inaugurar at\u00e9 o carnaval.<\/p>\n\n\n\n<p>O prefeito ainda afirmou que est\u00e1 havendo uma restrutura\u00e7\u00e3o na ilumina\u00e7\u00e3o p\u00fablica, n\u00e3o somente no local do evento, mas em toda a cidade. Disse ainda, que as terras j\u00e1 foram haradas na zona rural, com mais de 60% do trabalho conclu\u00eddo. <\/p>\n\n\n\n<p>Sandro ainda comentou que o sal\u00e1rio dos servidos est\u00e1 em dias. E parabenizou sua equipe sua pela aprova\u00e7\u00e3o<br>das contas referentes do ano de 2019. <\/p>\n\n\n\n<p>Ele terminou fazendo um convite a todos para participarem do Carnaval de Camala\u00fa, afirmando que estar\u00e3o em contato com a natureza e estar\u00e3o contribuindo para ajudar ao pr\u00f3ximo. <\/p>\n","protected":false},"excerpt":{"rendered":"<p>O prefeito de Camala\u00fa, Sandro Moco, esteve na manh\u00e3 deste s\u00e1bado (15), dando uma entrevista ao programa Cariri em A\u00e7\u00e3o na R\u00e1dio Cidade Sum\u00e9. Ele&hellip; <\/p>\n","protected":false},"author":1,"featured_media":153573,"comment_status":"closed","ping_status":"closed","sticky":false,"template":"","format":"standard","meta":{"sfsi_plus_gutenberg_text_before_share":"","sfsi_plus_gutenberg_show_text_before_share":"","sfsi_plus_gutenberg_icon_type":"","sfsi_plus_gutenberg_icon_alignemt":"","sfsi_plus_gutenburg_max_per_row":"","footnotes":""},"categories":[6,50],"tags":[],"class_list":["post-153552","post","type-post","status-publish","format-standard","has-post-thumbnail","hentry","category-cidades","category-destaque"],"_links":{"self":[{"href":"https:\/\/www.caririemacao.com\/1\/wp-json\/wp\/v2\/posts\/153552","targetHints":{"allow":["GET"]}}],"collection":[{"href":"https:\/\/www.caririemacao.com\/1\/wp-json\/wp\/v2\/posts"}],"about":[{"href":"https:\/\/www.caririemacao.com\/1\/wp-json\/wp\/v2\/types\/post"}],"author":[{"embeddable":true,"href":"https:\/\/www.caririemacao.com\/1\/wp-json\/wp\/v2\/users\/1"}],"replies":[{"embeddable":true,"href":"https:\/\/www.caririemacao.com\/1\/wp-json\/wp\/v2\/comments?post=153552"}],"version-history":[{"count":2,"href":"https:\/\/www.caririemacao.com\/1\/wp-json\/wp\/v2\/posts\/153552\/revisions"}],"predecessor-version":[{"id":153575,"href":"https:\/\/www.caririemacao.com\/1\/wp-json\/wp\/v2\/posts\/153552\/revisions\/153575"}],"wp:featuredmedia":[{"embeddable":true,"href":"https:\/\/www.caririemacao.com\/1\/wp-json\/wp\/v2\/media\/153573"}],"wp:attachment":[{"href":"https:\/\/www.caririemacao.com\/1\/wp-json\/wp\/v2\/media?parent=153552"}],"wp:term":[{"taxonomy":"category","embeddable":true,"href":"https:\/\/www.caririemacao.com\/1\/wp-json\/wp\/v2\/categories?post=153552"},{"taxonomy":"post_tag","embeddable":true,"href":"https:\/\/www.caririemacao.com\/1\/wp-json\/wp\/v2\/tags?post=153552"}],"curies":[{"name":"wp","href":"https:\/\/api.w.org\/{rel}","templated":true}]}}