{"id":153558,"date":"2020-02-15T10:53:45","date_gmt":"2020-02-15T13:53:45","guid":{"rendered":"http:\/\/www.caririemacao.com\/1\/?p=153558"},"modified":"2020-02-15T10:53:47","modified_gmt":"2020-02-15T13:53:47","slug":"governo-decreta-ano-cultural-mestre-sivuca-em-celebracao-aos-90-anos-do-compositor-e-instrumentista","status":"publish","type":"post","link":"https:\/\/www.caririemacao.com\/1\/2020\/02\/15\/governo-decreta-ano-cultural-mestre-sivuca-em-celebracao-aos-90-anos-do-compositor-e-instrumentista\/","title":{"rendered":"Governo decreta Ano Cultural Mestre Sivuca em celebra\u00e7\u00e3o aos 90 anos do compositor e instrumentista"},"content":{"rendered":"\n<p>O Di\u00e1rio Oficial do Estado deste s\u00e1bado (15) traz o decreto que institui o Ano Cultural Mestre Sivuca, celebrado em 2020. Assinado pelo governador Jo\u00e3o Azev\u00eado, o decreto lembra que Sivuca faria 90 anos neste ano.<\/p>\n\n\n\n<p>De acordo com o texto, todas as secret\u00e1rias e \u00f3rg\u00e3os da administra\u00e7\u00e3o direta e indireta do Poder Executivo estadual devem incorporar em suas a\u00e7\u00f5es e eventos, realizados diretamente ou sob a forma de fomento ou patroc\u00ednio, informa\u00e7\u00f5es alusivas ao Ano Cultural.&nbsp;<\/p>\n\n\n\n<p>A Secretaria de Estado da Educa\u00e7\u00e3o e da Ci\u00eancia e Tecnologia realizar\u00e1 atividades culturais e socioesportivas no \u00e2mbito escolar, mobilizando alunos, professores, servidores e a comunidade circunvizinha da escola em homenagens e produ\u00e7\u00f5es culturais acerca da vida e obra do Mestre Sivuca.<\/p>\n\n\n\n<p>Al\u00e9m disso, nos eventos promovidos pelo Governo, como shows, concertos, semin\u00e1rios, festivais, sal\u00f5es de artesanato e exposi\u00e7\u00f5es, sempre que conveniente, dever\u00e1 ser oportunizado ao p\u00fablico conhecer a obra do Mestre Sivuca, atrav\u00e9s de a\u00e7\u00f5es das secretarias e \u00f3rg\u00e3os.<\/p>\n\n\n\n<p>As a\u00e7\u00f5es de divulga\u00e7\u00e3o dos \u00f3rg\u00e3os e secretarias estaduais em an\u00fancios de jornais, cartazes, folders, outdoors, panfletos e inser\u00e7\u00f5es veiculadas em emissoras de r\u00e1dio e televis\u00e3o e em novas m\u00eddias, como portais e sites, dentre outras, sempre que poss\u00edvel, far\u00e3o refer\u00eancias ao \u201cAno Cultural Mestre Sivuca\u201d.<\/p>\n","protected":false},"excerpt":{"rendered":"<p>O Di\u00e1rio Oficial do Estado deste s\u00e1bado (15) traz o decreto que institui o Ano Cultural Mestre Sivuca, celebrado em 2020. Assinado pelo governador Jo\u00e3o&hellip; <\/p>\n","protected":false},"author":2,"featured_media":153560,"comment_status":"closed","ping_status":"closed","sticky":false,"template":"","format":"standard","meta":{"sfsi_plus_gutenberg_text_before_share":"","sfsi_plus_gutenberg_show_text_before_share":"","sfsi_plus_gutenberg_icon_type":"","sfsi_plus_gutenberg_icon_alignemt":"","sfsi_plus_gutenburg_max_per_row":"","footnotes":""},"categories":[2],"tags":[],"class_list":["post-153558","post","type-post","status-publish","format-standard","has-post-thumbnail","hentry","category-geral"],"_links":{"self":[{"href":"https:\/\/www.caririemacao.com\/1\/wp-json\/wp\/v2\/posts\/153558","targetHints":{"allow":["GET"]}}],"collection":[{"href":"https:\/\/www.caririemacao.com\/1\/wp-json\/wp\/v2\/posts"}],"about":[{"href":"https:\/\/www.caririemacao.com\/1\/wp-json\/wp\/v2\/types\/post"}],"author":[{"embeddable":true,"href":"https:\/\/www.caririemacao.com\/1\/wp-json\/wp\/v2\/users\/2"}],"replies":[{"embeddable":true,"href":"https:\/\/www.caririemacao.com\/1\/wp-json\/wp\/v2\/comments?post=153558"}],"version-history":[{"count":1,"href":"https:\/\/www.caririemacao.com\/1\/wp-json\/wp\/v2\/posts\/153558\/revisions"}],"predecessor-version":[{"id":153561,"href":"https:\/\/www.caririemacao.com\/1\/wp-json\/wp\/v2\/posts\/153558\/revisions\/153561"}],"wp:featuredmedia":[{"embeddable":true,"href":"https:\/\/www.caririemacao.com\/1\/wp-json\/wp\/v2\/media\/153560"}],"wp:attachment":[{"href":"https:\/\/www.caririemacao.com\/1\/wp-json\/wp\/v2\/media?parent=153558"}],"wp:term":[{"taxonomy":"category","embeddable":true,"href":"https:\/\/www.caririemacao.com\/1\/wp-json\/wp\/v2\/categories?post=153558"},{"taxonomy":"post_tag","embeddable":true,"href":"https:\/\/www.caririemacao.com\/1\/wp-json\/wp\/v2\/tags?post=153558"}],"curies":[{"name":"wp","href":"https:\/\/api.w.org\/{rel}","templated":true}]}}