{"id":153565,"date":"2020-02-15T10:56:20","date_gmt":"2020-02-15T13:56:20","guid":{"rendered":"http:\/\/www.caririemacao.com\/1\/?p=153565"},"modified":"2020-02-15T10:56:21","modified_gmt":"2020-02-15T13:56:21","slug":"vice-prefeito-de-monteiro-afirma-que-atual-gestao-tem-trabalhando-incansavelmente-em-todas-as-areas","status":"publish","type":"post","link":"https:\/\/www.caririemacao.com\/1\/2020\/02\/15\/vice-prefeito-de-monteiro-afirma-que-atual-gestao-tem-trabalhando-incansavelmente-em-todas-as-areas\/","title":{"rendered":"Vice-prefeito de Monteiro afirma que atual gest\u00e3o tem trabalhando incansavelmente em todas as \u00e1reas"},"content":{"rendered":"\n<p>O vice-prefeito de Monteiro, Celecileno Alves, esteve na \u00faltima quarta-feira, 12, ao lado da prefeita Anna Lorena participando da entrega da reforma e amplia\u00e7\u00e3o do PSF 04 na Vila Santa Maria.<\/p>\n\n\n\n<p>De acordo com o vice-prefeito, esta entrega do pr\u00e9dio que leva o nome do ex-vereador Jo\u00e3o Batista da Silva Brito, \u00e9 mais uma mostra de que o atual governo est\u00e1 trabalhando incansavelmente em todas as \u00e1reas, e tem total compromisso com a popula\u00e7\u00e3o, em especial nos bairros como Vila Santa Maria e Conjunto Mutir\u00e3o que ser\u00e3o beneficiados pela a\u00e7\u00e3o.<\/p>\n\n\n\n<p>\u201c\u00c9 mais um verdadeiro mini hospital que entregamos, assim como fizemos com a unidade da comunidade de Olho d\u2019\u00e1gua do Silva. Estamos trabalhando no caminho certo, com humildade, sem fal\u00e1cia, sem \u00f3dio no cora\u00e7\u00e3o, e com dedica\u00e7\u00e3o total ao povo de Monteiro, em especial aqui \u00e0 Vila Santa Maria e Conjunto Mutir\u00e3o e adjac\u00eancias que poder\u00e3o usufruir desta unidade\u201d, afirmou Celecileno.<\/p>\n","protected":false},"excerpt":{"rendered":"<p>O vice-prefeito de Monteiro, Celecileno Alves, esteve na \u00faltima quarta-feira, 12, ao lado da prefeita Anna Lorena participando da entrega da reforma e amplia\u00e7\u00e3o do&hellip; <\/p>\n","protected":false},"author":2,"featured_media":153566,"comment_status":"closed","ping_status":"closed","sticky":false,"template":"","format":"standard","meta":{"sfsi_plus_gutenberg_text_before_share":"","sfsi_plus_gutenberg_show_text_before_share":"","sfsi_plus_gutenberg_icon_type":"","sfsi_plus_gutenberg_icon_alignemt":"","sfsi_plus_gutenburg_max_per_row":"","footnotes":""},"categories":[6],"tags":[],"class_list":["post-153565","post","type-post","status-publish","format-standard","has-post-thumbnail","hentry","category-cidades"],"_links":{"self":[{"href":"https:\/\/www.caririemacao.com\/1\/wp-json\/wp\/v2\/posts\/153565","targetHints":{"allow":["GET"]}}],"collection":[{"href":"https:\/\/www.caririemacao.com\/1\/wp-json\/wp\/v2\/posts"}],"about":[{"href":"https:\/\/www.caririemacao.com\/1\/wp-json\/wp\/v2\/types\/post"}],"author":[{"embeddable":true,"href":"https:\/\/www.caririemacao.com\/1\/wp-json\/wp\/v2\/users\/2"}],"replies":[{"embeddable":true,"href":"https:\/\/www.caririemacao.com\/1\/wp-json\/wp\/v2\/comments?post=153565"}],"version-history":[{"count":1,"href":"https:\/\/www.caririemacao.com\/1\/wp-json\/wp\/v2\/posts\/153565\/revisions"}],"predecessor-version":[{"id":153567,"href":"https:\/\/www.caririemacao.com\/1\/wp-json\/wp\/v2\/posts\/153565\/revisions\/153567"}],"wp:featuredmedia":[{"embeddable":true,"href":"https:\/\/www.caririemacao.com\/1\/wp-json\/wp\/v2\/media\/153566"}],"wp:attachment":[{"href":"https:\/\/www.caririemacao.com\/1\/wp-json\/wp\/v2\/media?parent=153565"}],"wp:term":[{"taxonomy":"category","embeddable":true,"href":"https:\/\/www.caririemacao.com\/1\/wp-json\/wp\/v2\/categories?post=153565"},{"taxonomy":"post_tag","embeddable":true,"href":"https:\/\/www.caririemacao.com\/1\/wp-json\/wp\/v2\/tags?post=153565"}],"curies":[{"name":"wp","href":"https:\/\/api.w.org\/{rel}","templated":true}]}}