{"id":153577,"date":"2020-02-15T15:13:11","date_gmt":"2020-02-15T18:13:11","guid":{"rendered":"http:\/\/www.caririemacao.com\/1\/?p=153577"},"modified":"2020-02-15T15:13:13","modified_gmt":"2020-02-15T18:13:13","slug":"estudantes-tem-ate-este-domingo-para-baixar-a-id-estudantil-de-graca","status":"publish","type":"post","link":"https:\/\/www.caririemacao.com\/1\/2020\/02\/15\/estudantes-tem-ate-este-domingo-para-baixar-a-id-estudantil-de-graca\/","title":{"rendered":"Estudantes t\u00eam at\u00e9 este domingo para baixar a ID Estudantil de gra\u00e7a"},"content":{"rendered":"\n<p><br>Os interessados na identidade estudantil digital t\u00eam at\u00e9 este domingo (16) para tentar garantir o documento que \u00e9 gratuito. \u00c9 que a&nbsp;Medida Provis\u00f3ria 895\/2019, editada pelo presidente Jair Bolsonaro, em setembro, vai perder a validade na segunda-feira (17). A partir dessa data, o Minist\u00e9rio da Educa\u00e7\u00e3o (MEC), n\u00e3o ter\u00e1 mais autoriza\u00e7\u00e3o para emitir a ID Estudantil.<\/p>\n\n\n\n<p>At\u00e9 as 12h30 deste s\u00e1bado&nbsp;mais de 320 mil ID estudantis haviam sido emitidas, cada uma a um custo de R$ 0,15 para o governo.<\/p>\n\n\n\n<p>O documento d\u00e1 ao estudante direito a pagar meia-entrada em espet\u00e1culos art\u00edstico-culturais e esportivos e fica dispon\u00edvel no celular. Segundo o MEC, o objetivo \u00e9 oferecer uma alternativa \u00e0 carteirinha de pl\u00e1stico que continua sendo emitida por entidades estudantis como a Uni\u00e3o Nacional dos Estudantes (UNE) e pela Uni\u00e3o Brasileira dos Estudantes Secundaristas (Ubes) e que custa R$ 35.<\/p>\n\n\n\n<p><strong>Validade<\/strong><\/p>\n\n\n\n<p>Diferentemente das carteirinhas tradicionais, que valem at\u00e9 mar\u00e7o do ano seguinte, segundo o MEC, a ID estudantil poder\u00e1 ser utilizada enquanto a matr\u00edcula do aluno em uma institui\u00e7\u00e3o de ensino estiver ativa no Sistema Educacional Brasileiro (SEB), que \u00e9 um banco de dados nacional dos estudantes.<\/p>\n\n\n\n<p>Mais de 6 milh\u00f5es foram cadastrados na plataforma por 7,1 mil institui\u00e7\u00f5es de educa\u00e7\u00e3o b\u00e1sica e superior. O SEB permite o acompanhamento, por exemplo, da regularidade escolar do estudante. O projeto foi pensado para que as pol\u00edticas p\u00fablicas sejam, cada vez mais, aperfei\u00e7oadas e usado como base para emitir as identidades estudantis.<\/p>\n\n\n\n<figure class=\"wp-block-image\"><img decoding=\"async\" data-src=\"https:\/\/paraibaonline.com.br\/wp-content\/uploads\/2020\/02\/IDENTIDADE-ESTUDANTIL-567x339.jpg\" alt=\"Foto: Jos\u00e9 Cruz\/Ag\u00eancia Brasil\" class=\"wp-image-837603 lazyload\" src=\"data:image\/svg+xml;base64,PHN2ZyB3aWR0aD0iMSIgaGVpZ2h0PSIxIiB4bWxucz0iaHR0cDovL3d3dy53My5vcmcvMjAwMC9zdmciPjwvc3ZnPg==\" style=\"--smush-placeholder-width: 567px; --smush-placeholder-aspect-ratio: 567\/339;\" \/><\/figure>\n\n\n\n<p>Foto: Jos\u00e9 Cruz\/Ag\u00eancia Brasil<\/p>\n\n\n\n<p>Como emitir o documento:<\/p>\n\n\n\n<p>\u2013 Baixe o aplicativo \u201cID Estudantil\u201d dispon\u00edvel, gratuitamente, no Google Play ou na Apple Store;<\/p>\n\n\n\n<p>\u2013 Fa\u00e7a um cadastro pelo login do gov.br, usando o CPF e uma senha para acesso ao sistema do governo federal;<\/p>\n\n\n\n<p>\u2013 Clique na op\u00e7\u00e3o para inserir uma nova ID Estudantil e aceite os termos e condi\u00e7\u00f5es;<\/p>\n\n\n\n<p>\u2013 Caso o estudante tenha CNH, ser\u00e1 feito um cruzamento com a fotografia tirada no aplicativo com dados do Denatran para reconhecimento facial. Caso o estudante n\u00e3o tenha esse documento, ser\u00e3o solicitadas uma foto do rosto e uma do RG (frente e verso);<\/p>\n\n\n\n<p>\u2013 Pronto. A ID Estudantil foi criada e ficar\u00e1 dispon\u00edvel no aplicativo.<\/p>\n\n\n\n<p>Tamb\u00e9m \u00e9 poss\u00edvel que o respons\u00e1vel emita o documento para menores de 18 anos. Neste caso, selecione a op\u00e7\u00e3o \u201cID Estudantil \u2013 dependente\u201d .<\/p>\n\n\n\n<p><strong>Congresso Nacional<\/strong><\/p>\n\n\n\n<p>A MP enfrentou resist\u00eancias e n\u00e3o chegou nem a ter a comiss\u00e3o especial mista \u2013 primeira etapa de tramita\u00e7\u00e3o \u2013 instalada no Congresso Nacional.<\/p>\n\n\n\n<p>Para partidos de oposi\u00e7\u00e3o, a cria\u00e7\u00e3o da ID Estudantil seria uma forma de retaliar entidades que promoveram manifesta\u00e7\u00f5es de rua contra o governo, especialmente contra o contingenciamento de recursos para a educa\u00e7\u00e3o.<\/p>\n\n\n\n<p>Em uma live no Facebook esta semana, o presidente Jair Bolsonaro lamentou a n\u00e3o aprova\u00e7\u00e3o da medida pelo Congresso. \u201cPelo que tudo indica, nossa MP que permitia ao estudante tirar a carteira pela internet vai caducar. A UNE est\u00e1 vibrando, mas nossa inten\u00e7\u00e3o era facilitar a vida do estudante e evitar que ele tivesse que pagar R$ 35\u201d, disse o presidente.<\/p>\n\n\n\n<p>Perguntada pela&nbsp;<strong>Ag\u00eancia Brasil<\/strong>, a assessoria do MEC n\u00e3o respondeu se o governo pretende enviar outra proposta, como um projeto de lei, com o mesmo objetivo ao Congresso.<\/p>\n","protected":false},"excerpt":{"rendered":"<p>Os interessados na identidade estudantil digital t\u00eam at\u00e9 este domingo (16) para tentar garantir o documento que \u00e9 gratuito. \u00c9 que a&nbsp;Medida Provis\u00f3ria 895\/2019, editada&hellip; <\/p>\n","protected":false},"author":2,"featured_media":153578,"comment_status":"closed","ping_status":"closed","sticky":false,"template":"","format":"standard","meta":{"sfsi_plus_gutenberg_text_before_share":"","sfsi_plus_gutenberg_show_text_before_share":"","sfsi_plus_gutenberg_icon_type":"","sfsi_plus_gutenberg_icon_alignemt":"","sfsi_plus_gutenburg_max_per_row":"","footnotes":""},"categories":[14],"tags":[],"class_list":["post-153577","post","type-post","status-publish","format-standard","has-post-thumbnail","hentry","category-educacao"],"_links":{"self":[{"href":"https:\/\/www.caririemacao.com\/1\/wp-json\/wp\/v2\/posts\/153577","targetHints":{"allow":["GET"]}}],"collection":[{"href":"https:\/\/www.caririemacao.com\/1\/wp-json\/wp\/v2\/posts"}],"about":[{"href":"https:\/\/www.caririemacao.com\/1\/wp-json\/wp\/v2\/types\/post"}],"author":[{"embeddable":true,"href":"https:\/\/www.caririemacao.com\/1\/wp-json\/wp\/v2\/users\/2"}],"replies":[{"embeddable":true,"href":"https:\/\/www.caririemacao.com\/1\/wp-json\/wp\/v2\/comments?post=153577"}],"version-history":[{"count":1,"href":"https:\/\/www.caririemacao.com\/1\/wp-json\/wp\/v2\/posts\/153577\/revisions"}],"predecessor-version":[{"id":153579,"href":"https:\/\/www.caririemacao.com\/1\/wp-json\/wp\/v2\/posts\/153577\/revisions\/153579"}],"wp:featuredmedia":[{"embeddable":true,"href":"https:\/\/www.caririemacao.com\/1\/wp-json\/wp\/v2\/media\/153578"}],"wp:attachment":[{"href":"https:\/\/www.caririemacao.com\/1\/wp-json\/wp\/v2\/media?parent=153577"}],"wp:term":[{"taxonomy":"category","embeddable":true,"href":"https:\/\/www.caririemacao.com\/1\/wp-json\/wp\/v2\/categories?post=153577"},{"taxonomy":"post_tag","embeddable":true,"href":"https:\/\/www.caririemacao.com\/1\/wp-json\/wp\/v2\/tags?post=153577"}],"curies":[{"name":"wp","href":"https:\/\/api.w.org\/{rel}","templated":true}]}}