{"id":153590,"date":"2020-02-15T17:59:19","date_gmt":"2020-02-15T20:59:19","guid":{"rendered":"http:\/\/www.caririemacao.com\/1\/?p=153590"},"modified":"2020-02-15T17:59:21","modified_gmt":"2020-02-15T20:59:21","slug":"camalau-tem-1a-grande-previa-do-carnaval-com-o-bloco-to-moco-neste-domingo","status":"publish","type":"post","link":"https:\/\/www.caririemacao.com\/1\/2020\/02\/15\/camalau-tem-1a-grande-previa-do-carnaval-com-o-bloco-to-moco-neste-domingo\/","title":{"rendered":"Camala\u00fa tem 1\u00aa grande pr\u00e9via do Carnaval com o BLOCO T\u00d4 M\u00d4CO neste Domingo"},"content":{"rendered":"\n<p>Acontece neste domingo no balne\u00e1rio p\u00fablico de Camala\u00fa, a maior pr\u00e9via carnavalesca da regi\u00e3o.<\/p>\n\n\n\n<p><br>A pr\u00e9via tem in\u00edcio ao meio dia, e ter\u00e1 feijoada e churrasco gr\u00e1tis, distribui\u00e7\u00e3o de camisas do Bloco T\u00f4 M\u00f4co, al\u00e9m de shows musicais.<\/p>\n\n\n\n<p><br><strong>Confira a programa\u00e7\u00e3o:<\/strong><br>14:00 &#8211; \u00cdtalo Imperador17:00 &#8211; Claudenir Fernandes<br>A festa vai at\u00e9 as 20 horas<br>Segundo o prefeito Sandro M\u00f4co, o carnaval de Camala\u00fa estar\u00e1 come\u00e7ando com uma pr\u00e9via que vai ficar na hist\u00f3ria.<br>\u201cUm evento para todo o povo, para todos, at\u00e9 porque o carnaval \u00e9 uma festa popular e n\u00e3o festa de elite\u201d, frisou o gestor.<br><\/p>\n\n\n\n<p>Com informa\u00e7\u00f5es de TINDA OLIVEIRA<\/p>\n","protected":false},"excerpt":{"rendered":"<p>Acontece neste domingo no balne\u00e1rio p\u00fablico de Camala\u00fa, a maior pr\u00e9via carnavalesca da regi\u00e3o. A pr\u00e9via tem in\u00edcio ao meio dia, e ter\u00e1 feijoada e&hellip; <\/p>\n","protected":false},"author":2,"featured_media":153596,"comment_status":"closed","ping_status":"closed","sticky":false,"template":"","format":"standard","meta":{"sfsi_plus_gutenberg_text_before_share":"","sfsi_plus_gutenberg_show_text_before_share":"","sfsi_plus_gutenberg_icon_type":"","sfsi_plus_gutenberg_icon_alignemt":"","sfsi_plus_gutenburg_max_per_row":"","footnotes":""},"categories":[6],"tags":[],"class_list":["post-153590","post","type-post","status-publish","format-standard","has-post-thumbnail","hentry","category-cidades"],"_links":{"self":[{"href":"https:\/\/www.caririemacao.com\/1\/wp-json\/wp\/v2\/posts\/153590","targetHints":{"allow":["GET"]}}],"collection":[{"href":"https:\/\/www.caririemacao.com\/1\/wp-json\/wp\/v2\/posts"}],"about":[{"href":"https:\/\/www.caririemacao.com\/1\/wp-json\/wp\/v2\/types\/post"}],"author":[{"embeddable":true,"href":"https:\/\/www.caririemacao.com\/1\/wp-json\/wp\/v2\/users\/2"}],"replies":[{"embeddable":true,"href":"https:\/\/www.caririemacao.com\/1\/wp-json\/wp\/v2\/comments?post=153590"}],"version-history":[{"count":1,"href":"https:\/\/www.caririemacao.com\/1\/wp-json\/wp\/v2\/posts\/153590\/revisions"}],"predecessor-version":[{"id":153597,"href":"https:\/\/www.caririemacao.com\/1\/wp-json\/wp\/v2\/posts\/153590\/revisions\/153597"}],"wp:featuredmedia":[{"embeddable":true,"href":"https:\/\/www.caririemacao.com\/1\/wp-json\/wp\/v2\/media\/153596"}],"wp:attachment":[{"href":"https:\/\/www.caririemacao.com\/1\/wp-json\/wp\/v2\/media?parent=153590"}],"wp:term":[{"taxonomy":"category","embeddable":true,"href":"https:\/\/www.caririemacao.com\/1\/wp-json\/wp\/v2\/categories?post=153590"},{"taxonomy":"post_tag","embeddable":true,"href":"https:\/\/www.caririemacao.com\/1\/wp-json\/wp\/v2\/tags?post=153590"}],"curies":[{"name":"wp","href":"https:\/\/api.w.org\/{rel}","templated":true}]}}