{"id":153591,"date":"2020-02-15T16:23:39","date_gmt":"2020-02-15T19:23:39","guid":{"rendered":"http:\/\/www.caririemacao.com\/1\/?p=153591"},"modified":"2020-02-15T16:23:40","modified_gmt":"2020-02-15T19:23:40","slug":"divulgada-a-programacao-do-pedal-solidario-de-sao-sebastiao-do-umbuzeiro","status":"publish","type":"post","link":"https:\/\/www.caririemacao.com\/1\/2020\/02\/15\/divulgada-a-programacao-do-pedal-solidario-de-sao-sebastiao-do-umbuzeiro\/","title":{"rendered":"Divulgada a programa\u00e7\u00e3o do pedal solid\u00e1rio de S\u00e3o Sebasti\u00e3o do Umbuzeiro."},"content":{"rendered":"\n<p>Foi divulgada na manh\u00e3 deste s\u00e1bado 15, a programa\u00e7\u00e3o do Pedal Solid\u00e1rio de S\u00e3o Sebasti\u00e3o do Umbuzeiro. <\/p>\n\n\n\n<p>S\u00e1bado<br>Entrega de kits e recep\u00e7\u00e3o aos ciclistas 19:00<\/p>\n\n\n\n<p>Ot\u00e1vio do Acordeon e Henrique Cai\u00e7ara as 20:00<\/p>\n\n\n\n<p>Domingo:<br>caf\u00e9 da manh\u00e3 a partir de 6:00 <br>largada 07:30<br>almo\u00e7o 11:30<br>Forr\u00f3 p\u00e9 de Serra com o prefeito Givaldo e Givaldo Jos\u00e9 no Acordeon 12:30 <br>Show com Alisson Levado 14:00<br>Show com farra mil 17:00<\/p>\n","protected":false},"excerpt":{"rendered":"<p>Foi divulgada na manh\u00e3 deste s\u00e1bado 15, a programa\u00e7\u00e3o do Pedal Solid\u00e1rio de S\u00e3o Sebasti\u00e3o do Umbuzeiro. S\u00e1badoEntrega de kits e recep\u00e7\u00e3o aos ciclistas 19:00&hellip; <\/p>\n","protected":false},"author":1,"featured_media":153592,"comment_status":"closed","ping_status":"closed","sticky":false,"template":"","format":"standard","meta":{"sfsi_plus_gutenberg_text_before_share":"","sfsi_plus_gutenberg_show_text_before_share":"","sfsi_plus_gutenberg_icon_type":"","sfsi_plus_gutenberg_icon_alignemt":"","sfsi_plus_gutenburg_max_per_row":"","footnotes":""},"categories":[6,50],"tags":[],"class_list":["post-153591","post","type-post","status-publish","format-standard","has-post-thumbnail","hentry","category-cidades","category-destaque"],"_links":{"self":[{"href":"https:\/\/www.caririemacao.com\/1\/wp-json\/wp\/v2\/posts\/153591","targetHints":{"allow":["GET"]}}],"collection":[{"href":"https:\/\/www.caririemacao.com\/1\/wp-json\/wp\/v2\/posts"}],"about":[{"href":"https:\/\/www.caririemacao.com\/1\/wp-json\/wp\/v2\/types\/post"}],"author":[{"embeddable":true,"href":"https:\/\/www.caririemacao.com\/1\/wp-json\/wp\/v2\/users\/1"}],"replies":[{"embeddable":true,"href":"https:\/\/www.caririemacao.com\/1\/wp-json\/wp\/v2\/comments?post=153591"}],"version-history":[{"count":1,"href":"https:\/\/www.caririemacao.com\/1\/wp-json\/wp\/v2\/posts\/153591\/revisions"}],"predecessor-version":[{"id":153593,"href":"https:\/\/www.caririemacao.com\/1\/wp-json\/wp\/v2\/posts\/153591\/revisions\/153593"}],"wp:featuredmedia":[{"embeddable":true,"href":"https:\/\/www.caririemacao.com\/1\/wp-json\/wp\/v2\/media\/153592"}],"wp:attachment":[{"href":"https:\/\/www.caririemacao.com\/1\/wp-json\/wp\/v2\/media?parent=153591"}],"wp:term":[{"taxonomy":"category","embeddable":true,"href":"https:\/\/www.caririemacao.com\/1\/wp-json\/wp\/v2\/categories?post=153591"},{"taxonomy":"post_tag","embeddable":true,"href":"https:\/\/www.caririemacao.com\/1\/wp-json\/wp\/v2\/tags?post=153591"}],"curies":[{"name":"wp","href":"https:\/\/api.w.org\/{rel}","templated":true}]}}