{"id":153595,"date":"2020-02-15T18:45:37","date_gmt":"2020-02-15T21:45:37","guid":{"rendered":"http:\/\/www.caririemacao.com\/1\/?p=153595"},"modified":"2020-02-15T19:22:19","modified_gmt":"2020-02-15T22:22:19","slug":"restaurante-e-lanchonete-bom-sabor-e-inaugurado-no-congo-pb","status":"publish","type":"post","link":"https:\/\/www.caririemacao.com\/1\/2020\/02\/15\/restaurante-e-lanchonete-bom-sabor-e-inaugurado-no-congo-pb\/","title":{"rendered":"Restaurante e Lanchonete BOM SABOR \u00e9 inaugurado no Congo\/PB"},"content":{"rendered":"\n<p>A grande inaugura\u00e7\u00e3o do &#8220;Restaurante e Lanchonete Bom Sabor&#8221;, ocorreu na manh\u00e3 deste s\u00e1bado (15), na cidade do Congo. A equipe do Cariri em A\u00e7\u00e3o fazendo toda a cobertura do evento, \u00e0 convite dos donos do estabelecimento. <\/p>\n\n\n\n<figure class=\"wp-block-image size-large\"><img fetchpriority=\"high\" decoding=\"async\" width=\"959\" height=\"640\" src=\"http:\/\/www.caririemacao.com\/1\/wp-content\/uploads\/2020\/02\/86773261_1810360109100004_5441676237787365376_o.jpg\" alt=\"\" class=\"wp-image-153610\" srcset=\"https:\/\/www.caririemacao.com\/1\/wp-content\/uploads\/2020\/02\/86773261_1810360109100004_5441676237787365376_o.jpg 959w, https:\/\/www.caririemacao.com\/1\/wp-content\/uploads\/2020\/02\/86773261_1810360109100004_5441676237787365376_o-300x200.jpg 300w, https:\/\/www.caririemacao.com\/1\/wp-content\/uploads\/2020\/02\/86773261_1810360109100004_5441676237787365376_o-768x513.jpg 768w\" sizes=\"(max-width: 959px) 100vw, 959px\" \/><\/figure>\n\n\n\n<p>O novo empreendimento do empres\u00e1rio Ariv\u00e2nio objetiva atender toda popula\u00e7\u00e3o congoense e todos os visitantes e viajantes da regi\u00e3o, oferecendo um atendimento de qualidade, comida saborosa, caf\u00e9 da manh\u00e3 e uma carne de churrasco deliciosa. <\/p>\n\n\n\n<figure class=\"wp-block-image size-large\"><img decoding=\"async\" width=\"959\" height=\"640\" data-src=\"http:\/\/www.caririemacao.com\/1\/wp-content\/uploads\/2020\/02\/86461024_1810360545766627_1577465110417375232_o.jpg\" alt=\"\" class=\"wp-image-153611 lazyload\" data-srcset=\"https:\/\/www.caririemacao.com\/1\/wp-content\/uploads\/2020\/02\/86461024_1810360545766627_1577465110417375232_o.jpg 959w, https:\/\/www.caririemacao.com\/1\/wp-content\/uploads\/2020\/02\/86461024_1810360545766627_1577465110417375232_o-300x200.jpg 300w, https:\/\/www.caririemacao.com\/1\/wp-content\/uploads\/2020\/02\/86461024_1810360545766627_1577465110417375232_o-768x513.jpg 768w\" data-sizes=\"(max-width: 959px) 100vw, 959px\" src=\"data:image\/svg+xml;base64,PHN2ZyB3aWR0aD0iMSIgaGVpZ2h0PSIxIiB4bWxucz0iaHR0cDovL3d3dy53My5vcmcvMjAwMC9zdmciPjwvc3ZnPg==\" style=\"--smush-placeholder-width: 959px; --smush-placeholder-aspect-ratio: 959\/640;\" \/><\/figure>\n\n\n\n<p>Estiveram presentes na inaugura\u00e7\u00e3o alguns representantes pol\u00edticos, populares, amigos dos donos e visitantes, que foram apreciar e degustar de perto a comida do &#8220;Bom Sabor&#8221;, prometendo ser um dos mais indicados da regi\u00e3o.  <\/p>\n\n\n\n<p>O restaurante Bom Sabor est\u00e1 localizado na cidade de Congo\/PB, na sa\u00edda para a cidade de Jata\u00faba\/PE.<\/p>\n\n\n\n<figure class=\"wp-block-image size-large\"><img decoding=\"async\" width=\"959\" height=\"640\" data-src=\"http:\/\/www.caririemacao.com\/1\/wp-content\/uploads\/2020\/02\/86432032_1810357509100264_273035662326759424_o.jpg\" alt=\"\" class=\"wp-image-153612 lazyload\" data-srcset=\"https:\/\/www.caririemacao.com\/1\/wp-content\/uploads\/2020\/02\/86432032_1810357509100264_273035662326759424_o.jpg 959w, https:\/\/www.caririemacao.com\/1\/wp-content\/uploads\/2020\/02\/86432032_1810357509100264_273035662326759424_o-300x200.jpg 300w, https:\/\/www.caririemacao.com\/1\/wp-content\/uploads\/2020\/02\/86432032_1810357509100264_273035662326759424_o-768x513.jpg 768w\" data-sizes=\"(max-width: 959px) 100vw, 959px\" src=\"data:image\/svg+xml;base64,PHN2ZyB3aWR0aD0iMSIgaGVpZ2h0PSIxIiB4bWxucz0iaHR0cDovL3d3dy53My5vcmcvMjAwMC9zdmciPjwvc3ZnPg==\" style=\"--smush-placeholder-width: 959px; --smush-placeholder-aspect-ratio: 959\/640;\" \/><\/figure>\n\n\n\n<p>A manh\u00e3 iniciou com um coffe breck para todos os clientes e se estendeu durante a tarde com muito churrasco e m\u00fasica ao vivo com a dupla Beto e Adaylson. <\/p>\n\n\n\n<figure class=\"wp-block-image size-large\"><img decoding=\"async\" width=\"959\" height=\"640\" data-src=\"http:\/\/www.caririemacao.com\/1\/wp-content\/uploads\/2020\/02\/86391457_1810358335766848_796553211765850112_o.jpg\" alt=\"\" class=\"wp-image-153613 lazyload\" data-srcset=\"https:\/\/www.caririemacao.com\/1\/wp-content\/uploads\/2020\/02\/86391457_1810358335766848_796553211765850112_o.jpg 959w, https:\/\/www.caririemacao.com\/1\/wp-content\/uploads\/2020\/02\/86391457_1810358335766848_796553211765850112_o-300x200.jpg 300w, https:\/\/www.caririemacao.com\/1\/wp-content\/uploads\/2020\/02\/86391457_1810358335766848_796553211765850112_o-768x513.jpg 768w\" data-sizes=\"(max-width: 959px) 100vw, 959px\" src=\"data:image\/svg+xml;base64,PHN2ZyB3aWR0aD0iMSIgaGVpZ2h0PSIxIiB4bWxucz0iaHR0cDovL3d3dy53My5vcmcvMjAwMC9zdmciPjwvc3ZnPg==\" style=\"--smush-placeholder-width: 959px; --smush-placeholder-aspect-ratio: 959\/640;\" \/><\/figure>\n\n\n\n<p><\/p>\n","protected":false},"excerpt":{"rendered":"<p>A grande inaugura\u00e7\u00e3o do &#8220;Restaurante e Lanchonete Bom Sabor&#8221;, ocorreu na manh\u00e3 deste s\u00e1bado (15), na cidade do Congo. A equipe do Cariri em A\u00e7\u00e3o&hellip; <\/p>\n","protected":false},"author":1,"featured_media":153609,"comment_status":"closed","ping_status":"closed","sticky":false,"template":"","format":"standard","meta":{"sfsi_plus_gutenberg_text_before_share":"","sfsi_plus_gutenberg_show_text_before_share":"","sfsi_plus_gutenberg_icon_type":"","sfsi_plus_gutenberg_icon_alignemt":"","sfsi_plus_gutenburg_max_per_row":"","footnotes":""},"categories":[6,50],"tags":[],"class_list":["post-153595","post","type-post","status-publish","format-standard","has-post-thumbnail","hentry","category-cidades","category-destaque"],"_links":{"self":[{"href":"https:\/\/www.caririemacao.com\/1\/wp-json\/wp\/v2\/posts\/153595","targetHints":{"allow":["GET"]}}],"collection":[{"href":"https:\/\/www.caririemacao.com\/1\/wp-json\/wp\/v2\/posts"}],"about":[{"href":"https:\/\/www.caririemacao.com\/1\/wp-json\/wp\/v2\/types\/post"}],"author":[{"embeddable":true,"href":"https:\/\/www.caririemacao.com\/1\/wp-json\/wp\/v2\/users\/1"}],"replies":[{"embeddable":true,"href":"https:\/\/www.caririemacao.com\/1\/wp-json\/wp\/v2\/comments?post=153595"}],"version-history":[{"count":6,"href":"https:\/\/www.caririemacao.com\/1\/wp-json\/wp\/v2\/posts\/153595\/revisions"}],"predecessor-version":[{"id":153616,"href":"https:\/\/www.caririemacao.com\/1\/wp-json\/wp\/v2\/posts\/153595\/revisions\/153616"}],"wp:featuredmedia":[{"embeddable":true,"href":"https:\/\/www.caririemacao.com\/1\/wp-json\/wp\/v2\/media\/153609"}],"wp:attachment":[{"href":"https:\/\/www.caririemacao.com\/1\/wp-json\/wp\/v2\/media?parent=153595"}],"wp:term":[{"taxonomy":"category","embeddable":true,"href":"https:\/\/www.caririemacao.com\/1\/wp-json\/wp\/v2\/categories?post=153595"},{"taxonomy":"post_tag","embeddable":true,"href":"https:\/\/www.caririemacao.com\/1\/wp-json\/wp\/v2\/tags?post=153595"}],"curies":[{"name":"wp","href":"https:\/\/api.w.org\/{rel}","templated":true}]}}