{"id":153599,"date":"2020-02-15T18:01:32","date_gmt":"2020-02-15T21:01:32","guid":{"rendered":"http:\/\/www.caririemacao.com\/1\/?p=153599"},"modified":"2020-02-15T18:01:34","modified_gmt":"2020-02-15T21:01:34","slug":"secretario-de-financas-confirma-antecipacao-do-pagamento-dos-servidores-de-sao-joao-do-tigre-para-antes-do-carnaval","status":"publish","type":"post","link":"https:\/\/www.caririemacao.com\/1\/2020\/02\/15\/secretario-de-financas-confirma-antecipacao-do-pagamento-dos-servidores-de-sao-joao-do-tigre-para-antes-do-carnaval\/","title":{"rendered":"Secret\u00e1rio de finan\u00e7as confirma antecipa\u00e7\u00e3o do pagamento dos servidores de S\u00e3o Jo\u00e3o do Tigre para antes do Carnaval"},"content":{"rendered":"\n<p>O secret\u00e1rio de finan\u00e7as de S\u00e3o Jo\u00e3o do Tigre, M\u00e1rcio Leite confirmou em entrevista na r\u00e1dio Serra Branca FM, neste s\u00e1bado, que o prefeito C\u00e9lio Barbosa autorizou o pagamento da folha dos servidores p\u00fablicos municipais para a pr\u00f3xima semana, entre os dias 20 ou 21 de forma extremamente antecipada.<\/p>\n\n\n\n<p><br>O objetivo da a\u00e7\u00e3o administrativa \u00e9 aquecer ainda mais a economia local, durante os festejos do Carnaval do munic\u00edpio, que considerado o maior do interior do Para\u00edba.<\/p>\n\n\n\n<p><br>\u201cO prefeito C\u00e9lio nos autorizou a confirmar esta informa\u00e7\u00e3o, e vamos gra\u00e7as ao equil\u00edbrio financeiro que adotamos, pagar a folha antes do in\u00edcio do Carnaval, como forma de incentivar o aquecimento da economia local, durante a nossa mais tradicional festividade\u201d, disse o secret\u00e1rio.<br>Al\u00e9m da antecipa\u00e7\u00e3o do pagamento do funcionalismo, o secret\u00e1rio M\u00e1rcio tamb\u00e9m confirmou, que a gest\u00e3o do prefeito C\u00e9lio tamb\u00e9m est\u00e1 implantando os 13% de reajuste salarial para os servidores do magist\u00e9rio do munic\u00edpio.<\/p>\n\n\n\n<p><br>\u201cEstamos pagando o piso do magist\u00e9rio, o retroativo \u00e0 Janeiro, as atra\u00e7\u00f5es e a estrutura do carnaval n\u00e3o fica nada devendo a ningu\u00e9m, e tudo isto \u00e9 feito com responsabilidade financeira, e com amor por esta nossa terra maravilhosa\u201d, disse o secret\u00e1rio M\u00e1rcio Leite.<\/p>\n\n\n\n<p><br><strong>F\u00c1BIO BRITO<\/strong><\/p>\n","protected":false},"excerpt":{"rendered":"<p>O secret\u00e1rio de finan\u00e7as de S\u00e3o Jo\u00e3o do Tigre, M\u00e1rcio Leite confirmou em entrevista na r\u00e1dio Serra Branca FM, neste s\u00e1bado, que o prefeito C\u00e9lio&hellip; <\/p>\n","protected":false},"author":2,"featured_media":118871,"comment_status":"closed","ping_status":"closed","sticky":false,"template":"","format":"standard","meta":{"sfsi_plus_gutenberg_text_before_share":"","sfsi_plus_gutenberg_show_text_before_share":"","sfsi_plus_gutenberg_icon_type":"","sfsi_plus_gutenberg_icon_alignemt":"","sfsi_plus_gutenburg_max_per_row":"","footnotes":""},"categories":[6],"tags":[],"class_list":["post-153599","post","type-post","status-publish","format-standard","has-post-thumbnail","hentry","category-cidades"],"_links":{"self":[{"href":"https:\/\/www.caririemacao.com\/1\/wp-json\/wp\/v2\/posts\/153599","targetHints":{"allow":["GET"]}}],"collection":[{"href":"https:\/\/www.caririemacao.com\/1\/wp-json\/wp\/v2\/posts"}],"about":[{"href":"https:\/\/www.caririemacao.com\/1\/wp-json\/wp\/v2\/types\/post"}],"author":[{"embeddable":true,"href":"https:\/\/www.caririemacao.com\/1\/wp-json\/wp\/v2\/users\/2"}],"replies":[{"embeddable":true,"href":"https:\/\/www.caririemacao.com\/1\/wp-json\/wp\/v2\/comments?post=153599"}],"version-history":[{"count":1,"href":"https:\/\/www.caririemacao.com\/1\/wp-json\/wp\/v2\/posts\/153599\/revisions"}],"predecessor-version":[{"id":153600,"href":"https:\/\/www.caririemacao.com\/1\/wp-json\/wp\/v2\/posts\/153599\/revisions\/153600"}],"wp:featuredmedia":[{"embeddable":true,"href":"https:\/\/www.caririemacao.com\/1\/wp-json\/wp\/v2\/media\/118871"}],"wp:attachment":[{"href":"https:\/\/www.caririemacao.com\/1\/wp-json\/wp\/v2\/media?parent=153599"}],"wp:term":[{"taxonomy":"category","embeddable":true,"href":"https:\/\/www.caririemacao.com\/1\/wp-json\/wp\/v2\/categories?post=153599"},{"taxonomy":"post_tag","embeddable":true,"href":"https:\/\/www.caririemacao.com\/1\/wp-json\/wp\/v2\/tags?post=153599"}],"curies":[{"name":"wp","href":"https:\/\/api.w.org\/{rel}","templated":true}]}}