{"id":153620,"date":"2020-02-16T06:04:14","date_gmt":"2020-02-16T09:04:14","guid":{"rendered":"http:\/\/www.caririemacao.com\/1\/?p=153620"},"modified":"2020-02-16T06:04:16","modified_gmt":"2020-02-16T09:04:16","slug":"leve-seu-assedio-para-longe-da-gente-alpb-lanca-campanha-contra-assedio-sexual","status":"publish","type":"post","link":"https:\/\/www.caririemacao.com\/1\/2020\/02\/16\/leve-seu-assedio-para-longe-da-gente-alpb-lanca-campanha-contra-assedio-sexual\/","title":{"rendered":"\u2018Leve seu ass\u00e9dio para longe da gente!\u2019; ALPB lan\u00e7a campanha contra ass\u00e9dio sexual"},"content":{"rendered":"\n<p>A Assembleia Legislativa da Para\u00edba lan\u00e7ou, nesta sexta-feira (14) uma campanha contra a importuna\u00e7\u00e3o sexual durante o per\u00edodo carnavalesco. Com o lema \u201cLeve seu ass\u00e9dio para longe da gente\u201d, a iniciativa tem o objetivo de empoderar as mulheres sobre os seus direitos e alertar toda a sociedade que \u00e9 crime fazer qualquer tipo de abordagem \u00e0s mulheres que extrapolem o respeito e a vontade delas.<\/p>\n\n\n\n<p>Para o presidente Adriano Galdino, a campanha \u00e9 uma forma do Poder Legislativo Paraibano ecoar ainda mais esse assunto, que cotidianamente se v\u00ea nos festejos de carnaval, mas que sua pr\u00e1tica \u00e9 inaceit\u00e1vel. \u201cAs mulheres t\u00eam o direito de escolher, desde as roupas que vestem at\u00e9 quem paquerar. O respeito \u00e9 a porta de entrada para quem quer estabelecer qualquer tipo de di\u00e1logo e s\u00f3 com esse n\u00edvel de educa\u00e7\u00e3o podemos construir uma sociedade mais justa e igualit\u00e1ria\u201d, defendeu.<\/p>\n\n\n\n<p>Outras a\u00e7\u00f5es legislativas tamb\u00e9m est\u00e3o sendo desenvolvidas pela ALPB, desde produ\u00e7\u00f5es de mat\u00e9rias em defesa dos direitos da mulher at\u00e9 a realiza\u00e7\u00e3o de uma Comiss\u00e3o Parlamentar de Inqu\u00e9rito para investigar os feminic\u00eddios no Estado.<\/p>\n\n\n\n<p>Essa produ\u00e7\u00e3o atinge as necessidades mais elementares da mulher, que v\u00e3o desde a inser\u00e7\u00e3o no mercado de trabalho, passando pelo combate ao feminic\u00eddio e demais viol\u00eancias dom\u00e9stica e familiar, defendendo a equidade de g\u00eanero e garantindo atendimento eficaz \u00e0s gestantes na rede p\u00fablica de sa\u00fade, tanto no pr\u00e9-natal quanto no parto e p\u00f3s-parto.<\/p>\n","protected":false},"excerpt":{"rendered":"<p>A Assembleia Legislativa da Para\u00edba lan\u00e7ou, nesta sexta-feira (14) uma campanha contra a importuna\u00e7\u00e3o sexual durante o per\u00edodo carnavalesco. Com o lema \u201cLeve seu ass\u00e9dio&hellip; <\/p>\n","protected":false},"author":2,"featured_media":153621,"comment_status":"closed","ping_status":"closed","sticky":false,"template":"","format":"standard","meta":{"sfsi_plus_gutenberg_text_before_share":"","sfsi_plus_gutenberg_show_text_before_share":"","sfsi_plus_gutenberg_icon_type":"","sfsi_plus_gutenberg_icon_alignemt":"","sfsi_plus_gutenburg_max_per_row":"","footnotes":""},"categories":[2],"tags":[],"class_list":["post-153620","post","type-post","status-publish","format-standard","has-post-thumbnail","hentry","category-geral"],"_links":{"self":[{"href":"https:\/\/www.caririemacao.com\/1\/wp-json\/wp\/v2\/posts\/153620","targetHints":{"allow":["GET"]}}],"collection":[{"href":"https:\/\/www.caririemacao.com\/1\/wp-json\/wp\/v2\/posts"}],"about":[{"href":"https:\/\/www.caririemacao.com\/1\/wp-json\/wp\/v2\/types\/post"}],"author":[{"embeddable":true,"href":"https:\/\/www.caririemacao.com\/1\/wp-json\/wp\/v2\/users\/2"}],"replies":[{"embeddable":true,"href":"https:\/\/www.caririemacao.com\/1\/wp-json\/wp\/v2\/comments?post=153620"}],"version-history":[{"count":1,"href":"https:\/\/www.caririemacao.com\/1\/wp-json\/wp\/v2\/posts\/153620\/revisions"}],"predecessor-version":[{"id":153622,"href":"https:\/\/www.caririemacao.com\/1\/wp-json\/wp\/v2\/posts\/153620\/revisions\/153622"}],"wp:featuredmedia":[{"embeddable":true,"href":"https:\/\/www.caririemacao.com\/1\/wp-json\/wp\/v2\/media\/153621"}],"wp:attachment":[{"href":"https:\/\/www.caririemacao.com\/1\/wp-json\/wp\/v2\/media?parent=153620"}],"wp:term":[{"taxonomy":"category","embeddable":true,"href":"https:\/\/www.caririemacao.com\/1\/wp-json\/wp\/v2\/categories?post=153620"},{"taxonomy":"post_tag","embeddable":true,"href":"https:\/\/www.caririemacao.com\/1\/wp-json\/wp\/v2\/tags?post=153620"}],"curies":[{"name":"wp","href":"https:\/\/api.w.org\/{rel}","templated":true}]}}