{"id":153628,"date":"2020-02-16T06:06:17","date_gmt":"2020-02-16T09:06:17","guid":{"rendered":"http:\/\/www.caririemacao.com\/1\/?p=153628"},"modified":"2020-02-16T06:06:19","modified_gmt":"2020-02-16T09:06:19","slug":"tecnico-do-botafogo-pb-admite-priorizar-o-campeonato-paraibano","status":"publish","type":"post","link":"https:\/\/www.caririemacao.com\/1\/2020\/02\/16\/tecnico-do-botafogo-pb-admite-priorizar-o-campeonato-paraibano\/","title":{"rendered":"T\u00e9cnico do Botafogo-PB admite priorizar o Campeonato Paraibano"},"content":{"rendered":"\n<p><br>Depois da classifica\u00e7\u00e3o para a segunda fase da Copa do Brasil, com o empate por 0 a 0 diante do Atl\u00e9tico de Alagoinhas-BA, o Botafogo-PB voltou para Jo\u00e3o Pessoa e j\u00e1 pegou a estrada novamente.<\/p>\n\n\n\n<p>A delega\u00e7\u00e3o do Belo embarcou, na tarde desta sexta-feira (14), para enfrentar o CSA-AL, pela Copa do Nordeste, em Macei\u00f3, neste domingo (16), \u00e0s 18h.<\/p>\n\n\n\n<p>Sem tempo para treinar em meio a uma maratona de jogos, o treinador Evaristo Piza vai avaliar a condi\u00e7\u00e3o f\u00edsica dos jogadores para decidir quem vai entrar em campo no est\u00e1dio Rei Pel\u00e9.<\/p>\n\n\n\n<p>\u2013 Agora (depois da Copa do Brasil) muda a chave. Um jogo dif\u00edcil contra o CSA. Vamos fazer uma viagem longa, avaliar com a comiss\u00e3o as condi\u00e7\u00f5es f\u00edsicas, o desgaste dos atletas. N\u00e3o vai dar para treinar praticamente nada. Na quarta j\u00e1 tem o cl\u00e1ssico. N\u00e3o tem muito tempo de respirar. Precisamos recuperar bem os atletas para fazer grandes jogos \u2013 explicou.<\/p>\n\n\n\n<figure class=\"wp-block-image\"><img decoding=\"async\" data-src=\"https:\/\/paraibaonline.com.br\/wp-content\/uploads\/2020\/02\/piza-567x401.jpg\" alt=\"Foto: Paulo Cavalcanti\/ Botafogo-PB\" class=\"wp-image-837550 lazyload\" src=\"data:image\/svg+xml;base64,PHN2ZyB3aWR0aD0iMSIgaGVpZ2h0PSIxIiB4bWxucz0iaHR0cDovL3d3dy53My5vcmcvMjAwMC9zdmciPjwvc3ZnPg==\" style=\"--smush-placeholder-width: 567px; --smush-placeholder-aspect-ratio: 567\/401;\" \/><\/figure>\n\n\n\n<p>Foto: Paulo Cavalcanti\/ Botafogo-PB<\/p>\n\n\n\n<p>Com o Cl\u00e1ssico Emo\u00e7\u00e3o contra o Campinense marcado para a pr\u00f3xima quarta-feira (19), o t\u00e9cnico do Belo, junto da dire\u00e7\u00e3o, admite que neste in\u00edcio de ano o clube pode priorizar alguma das competi\u00e7\u00f5es que disputa atualmente (Copa do Brasil, Paraibano e Copa do Nordeste).<\/p>\n\n\n\n<p>O que pode pesar com rela\u00e7\u00e3o ao estadual \u00e9 que ele quem d\u00e1 vaga para o torneio regional e o nacional, sendo necess\u00e1rio chegar ao menos at\u00e9 a final para ter calend\u00e1rio completo na pr\u00f3xima temporada.<\/p>\n\n\n\n<p>\u2013 As mudan\u00e7as (no time) s\u00e3o necess\u00e1rias. Estava conversando com o presidente, com Ariano, com a comiss\u00e3o. Estamos indo para o s\u00e9timo jogo, alguns jogadores jogaram todos os sete jogos, os 90 minutos. Em algum momento vamos ter que priorizar. Sabemos a import\u00e2ncia das competi\u00e7\u00f5es, temos que buscar os objetivos, e temos um elenco qualificado para isso. \u00c9 um elenco que me d\u00e1 o suporte de mexer, fazer o equil\u00edbrio e fazer os resultados. Podemos contar com Everton Heleno, o Kelvin fica fora (contra o CSA), pela les\u00e3o (luxa\u00e7\u00e3o no cotovelo). Temos que pensar no domingo, e tamb\u00e9m no cl\u00e1ssico de quarta-feira \u2013 concluiu.<\/p>\n\n\n\n<p>Para o duelo do fim de semana, o treinador botafoguense poder\u00e1 promover a estreia do atacante argentino Lucas Sim\u00f3n, que viajou com a delega\u00e7\u00e3o e foi relacionado pela primeira vez com o grupo de jogadores.<\/p>\n","protected":false},"excerpt":{"rendered":"<p>Depois da classifica\u00e7\u00e3o para a segunda fase da Copa do Brasil, com o empate por 0 a 0 diante do Atl\u00e9tico de Alagoinhas-BA, o Botafogo-PB&hellip; <\/p>\n","protected":false},"author":2,"featured_media":153629,"comment_status":"closed","ping_status":"closed","sticky":false,"template":"","format":"standard","meta":{"sfsi_plus_gutenberg_text_before_share":"","sfsi_plus_gutenberg_show_text_before_share":"","sfsi_plus_gutenberg_icon_type":"","sfsi_plus_gutenberg_icon_alignemt":"","sfsi_plus_gutenburg_max_per_row":"","footnotes":""},"categories":[13],"tags":[],"class_list":["post-153628","post","type-post","status-publish","format-standard","has-post-thumbnail","hentry","category-esportes"],"_links":{"self":[{"href":"https:\/\/www.caririemacao.com\/1\/wp-json\/wp\/v2\/posts\/153628","targetHints":{"allow":["GET"]}}],"collection":[{"href":"https:\/\/www.caririemacao.com\/1\/wp-json\/wp\/v2\/posts"}],"about":[{"href":"https:\/\/www.caririemacao.com\/1\/wp-json\/wp\/v2\/types\/post"}],"author":[{"embeddable":true,"href":"https:\/\/www.caririemacao.com\/1\/wp-json\/wp\/v2\/users\/2"}],"replies":[{"embeddable":true,"href":"https:\/\/www.caririemacao.com\/1\/wp-json\/wp\/v2\/comments?post=153628"}],"version-history":[{"count":1,"href":"https:\/\/www.caririemacao.com\/1\/wp-json\/wp\/v2\/posts\/153628\/revisions"}],"predecessor-version":[{"id":153630,"href":"https:\/\/www.caririemacao.com\/1\/wp-json\/wp\/v2\/posts\/153628\/revisions\/153630"}],"wp:featuredmedia":[{"embeddable":true,"href":"https:\/\/www.caririemacao.com\/1\/wp-json\/wp\/v2\/media\/153629"}],"wp:attachment":[{"href":"https:\/\/www.caririemacao.com\/1\/wp-json\/wp\/v2\/media?parent=153628"}],"wp:term":[{"taxonomy":"category","embeddable":true,"href":"https:\/\/www.caririemacao.com\/1\/wp-json\/wp\/v2\/categories?post=153628"},{"taxonomy":"post_tag","embeddable":true,"href":"https:\/\/www.caririemacao.com\/1\/wp-json\/wp\/v2\/tags?post=153628"}],"curies":[{"name":"wp","href":"https:\/\/api.w.org\/{rel}","templated":true}]}}