{"id":153644,"date":"2020-02-16T06:17:33","date_gmt":"2020-02-16T09:17:33","guid":{"rendered":"http:\/\/www.caririemacao.com\/1\/?p=153644"},"modified":"2020-02-16T06:17:34","modified_gmt":"2020-02-16T09:17:34","slug":"temer-encerra-carreira-politica-e-nao-sera-mais-candidato-ja-fui-tudo","status":"publish","type":"post","link":"https:\/\/www.caririemacao.com\/1\/2020\/02\/16\/temer-encerra-carreira-politica-e-nao-sera-mais-candidato-ja-fui-tudo\/","title":{"rendered":"Temer encerra carreira pol\u00edtica e n\u00e3o ser\u00e1 mais candidato: \u201cJ\u00e1 fui tudo\u201d"},"content":{"rendered":"\n<p>O ex-presidente Michel Temer (MDB) disse que j\u00e1 ocupou todos os cargos poss\u00edveis e n\u00e3o ser\u00e1 mais candidato em elei\u00e7\u00f5es. Ele acrescentou que pretende se manter o mais discreto poss\u00edvel porque considera este o papel a ser desempenhado por quem foi presidente da Rep\u00fablica.<\/p>\n\n\n\n<p>Temer entrou para a vida p\u00fablica em 1983 ao ser nomeado procurador-geral do Estado de S\u00e3o Paulo pelo governador Franco Montoro. Ele foi deputado constituinte, presidiu a C\u00e2mara dos Deputados tr\u00eas vezes, foi vice-presidente e presidente da Rep\u00fablica. Tamb\u00e9m comandou o PMDB por 15 anos, quando o partido era o maior do Brasil.<br><br>O ex-presidente afirmou ainda que depois de usar a faixa presidencial, n\u00e3o existe mais cargo a ocupar politicamente.<\/p>\n\n\n\n<p>\u201cA essa altura, eu n\u00e3o tenho nenhuma inten\u00e7\u00e3o [de ser candidato]. At\u00e9 porque, quem chegou \u00e0 Presid\u00eancia da Rep\u00fablica, em primeiro lugar, n\u00e3o pode ocupar outro cargo. Em segundo lugar, tem que ser de uma discri\u00e7\u00e3o absoluta. O que eu tenho procurado fazer.\u201d<\/p>\n\n\n\n<p>Fonte: UOL Not\u00edcias<\/p>\n","protected":false},"excerpt":{"rendered":"<p>O ex-presidente Michel Temer (MDB) disse que j\u00e1 ocupou todos os cargos poss\u00edveis e n\u00e3o ser\u00e1 mais candidato em elei\u00e7\u00f5es. Ele acrescentou que pretende se&hellip; <\/p>\n","protected":false},"author":2,"featured_media":149042,"comment_status":"closed","ping_status":"closed","sticky":false,"template":"","format":"standard","meta":{"sfsi_plus_gutenberg_text_before_share":"","sfsi_plus_gutenberg_show_text_before_share":"","sfsi_plus_gutenberg_icon_type":"","sfsi_plus_gutenberg_icon_alignemt":"","sfsi_plus_gutenburg_max_per_row":"","footnotes":""},"categories":[2],"tags":[],"class_list":["post-153644","post","type-post","status-publish","format-standard","has-post-thumbnail","hentry","category-geral"],"_links":{"self":[{"href":"https:\/\/www.caririemacao.com\/1\/wp-json\/wp\/v2\/posts\/153644","targetHints":{"allow":["GET"]}}],"collection":[{"href":"https:\/\/www.caririemacao.com\/1\/wp-json\/wp\/v2\/posts"}],"about":[{"href":"https:\/\/www.caririemacao.com\/1\/wp-json\/wp\/v2\/types\/post"}],"author":[{"embeddable":true,"href":"https:\/\/www.caririemacao.com\/1\/wp-json\/wp\/v2\/users\/2"}],"replies":[{"embeddable":true,"href":"https:\/\/www.caririemacao.com\/1\/wp-json\/wp\/v2\/comments?post=153644"}],"version-history":[{"count":1,"href":"https:\/\/www.caririemacao.com\/1\/wp-json\/wp\/v2\/posts\/153644\/revisions"}],"predecessor-version":[{"id":153645,"href":"https:\/\/www.caririemacao.com\/1\/wp-json\/wp\/v2\/posts\/153644\/revisions\/153645"}],"wp:featuredmedia":[{"embeddable":true,"href":"https:\/\/www.caririemacao.com\/1\/wp-json\/wp\/v2\/media\/149042"}],"wp:attachment":[{"href":"https:\/\/www.caririemacao.com\/1\/wp-json\/wp\/v2\/media?parent=153644"}],"wp:term":[{"taxonomy":"category","embeddable":true,"href":"https:\/\/www.caririemacao.com\/1\/wp-json\/wp\/v2\/categories?post=153644"},{"taxonomy":"post_tag","embeddable":true,"href":"https:\/\/www.caririemacao.com\/1\/wp-json\/wp\/v2\/tags?post=153644"}],"curies":[{"name":"wp","href":"https:\/\/api.w.org\/{rel}","templated":true}]}}