{"id":153648,"date":"2020-02-16T08:55:12","date_gmt":"2020-02-16T11:55:12","guid":{"rendered":"http:\/\/www.caririemacao.com\/1\/?p=153648"},"modified":"2020-02-16T08:57:51","modified_gmt":"2020-02-16T11:57:51","slug":"pedal-solidario-de-sao-sebastiao-do-umbuzeiro-tem-inicio-e-conta-com-centenas-de-participantes","status":"publish","type":"post","link":"https:\/\/www.caririemacao.com\/1\/2020\/02\/16\/pedal-solidario-de-sao-sebastiao-do-umbuzeiro-tem-inicio-e-conta-com-centenas-de-participantes\/","title":{"rendered":"Pedal Solid\u00e1rio de S\u00e3o Sebasti\u00e3o do Umbuzeiro tem in\u00edcio e conta com centenas de participantes"},"content":{"rendered":"\n<p>A programa\u00e7\u00e3o do Pedal Solid\u00e1rio de S\u00e3o Sebasti\u00e3o do Umbuzeiro teve in\u00edcio neste s\u00e1bado, dia 15, e se estender\u00e1 at\u00e9 a noite deste deste domingo, dia 16.<\/p>\n\n\n\n<p>A entrega de kits e recep\u00e7\u00e3o aos ciclistas na noite deste s\u00e1bado e em seguida show com Ot\u00e1vio do Acordeon e Henrique Cai\u00e7ara.<\/p>\n\n\n\n<figure class=\"wp-block-image size-large\"><img fetchpriority=\"high\" decoding=\"async\" width=\"1024\" height=\"768\" src=\"http:\/\/www.caririemacao.com\/1\/wp-content\/uploads\/2020\/02\/WhatsApp-Image-2020-02-16-at-08.11.50-1024x768.jpeg\" alt=\"\" class=\"wp-image-153652\" srcset=\"https:\/\/www.caririemacao.com\/1\/wp-content\/uploads\/2020\/02\/WhatsApp-Image-2020-02-16-at-08.11.50-1024x768.jpeg 1024w, https:\/\/www.caririemacao.com\/1\/wp-content\/uploads\/2020\/02\/WhatsApp-Image-2020-02-16-at-08.11.50-300x225.jpeg 300w, https:\/\/www.caririemacao.com\/1\/wp-content\/uploads\/2020\/02\/WhatsApp-Image-2020-02-16-at-08.11.50-768x576.jpeg 768w, https:\/\/www.caririemacao.com\/1\/wp-content\/uploads\/2020\/02\/WhatsApp-Image-2020-02-16-at-08.11.50.jpeg 1280w\" sizes=\"(max-width: 1024px) 100vw, 1024px\" \/><\/figure>\n\n\n\n<p>J\u00e1 na manh\u00e3 deste domingo, dia 16, foi dada a largada para o pedal de 40 km e conta com a participa\u00e7\u00e3o de centenas de ciclistas de v\u00e1rios estados do Nordeste. Antes da largada, foi servido um caf\u00e9 da manh\u00e3.<\/p>\n\n\n\n<figure class=\"wp-block-image size-large\"><img decoding=\"async\" width=\"1024\" height=\"768\" data-src=\"http:\/\/www.caririemacao.com\/1\/wp-content\/uploads\/2020\/02\/WhatsApp-Image-2020-02-16-at-07.59.22-1024x768.jpeg\" alt=\"\" class=\"wp-image-153653 lazyload\" data-srcset=\"https:\/\/www.caririemacao.com\/1\/wp-content\/uploads\/2020\/02\/WhatsApp-Image-2020-02-16-at-07.59.22-1024x768.jpeg 1024w, https:\/\/www.caririemacao.com\/1\/wp-content\/uploads\/2020\/02\/WhatsApp-Image-2020-02-16-at-07.59.22-300x225.jpeg 300w, https:\/\/www.caririemacao.com\/1\/wp-content\/uploads\/2020\/02\/WhatsApp-Image-2020-02-16-at-07.59.22-768x576.jpeg 768w, https:\/\/www.caririemacao.com\/1\/wp-content\/uploads\/2020\/02\/WhatsApp-Image-2020-02-16-at-07.59.22.jpeg 1152w\" data-sizes=\"(max-width: 1024px) 100vw, 1024px\" src=\"data:image\/svg+xml;base64,PHN2ZyB3aWR0aD0iMSIgaGVpZ2h0PSIxIiB4bWxucz0iaHR0cDovL3d3dy53My5vcmcvMjAwMC9zdmciPjwvc3ZnPg==\" style=\"--smush-placeholder-width: 1024px; --smush-placeholder-aspect-ratio: 1024\/768;\" \/><\/figure>\n\n\n\n<p>O prefeito Adriano Wolff disse que os ciclistas ser\u00e3o recebidos com muita m\u00fasica e servido um almo\u00e7o para todos os participantes. Para isso, a Prefeitura preparou uma grande estrutura para recepcionar todos os participantes.<\/p>\n\n\n\n<p>Logo ap\u00f3s, Forr\u00f3 p\u00e9 de Serra com o prefeito Givaldo e Givaldo Jos\u00e9 no Acordeon, em seguida, shows com Alisson Levado e Farra Mil.<\/p>\n\n\n\n<p>\u201cVale lembrar que toda renda arrecada com as inscri\u00e7\u00f5es do Pedal Solid\u00e1rio de S\u00e3o Sebasti\u00e3o do Umbuzeiro ser\u00e1 revertida para o Hospital da FAP para ajudar a custear despesas com pacientes que utilizam os servi\u00e7os deste hospital. Estamos fazendo nossa parte!\u201d, comentou o prefeito.<\/p>\n\n\n\n<p>Fotos: Blog do Didi<\/p>\n\n\n\n<p>Reda\u00e7\u00e3o: Cariri em A\u00e7\u00e3o<\/p>\n","protected":false},"excerpt":{"rendered":"<p>A programa\u00e7\u00e3o do Pedal Solid\u00e1rio de S\u00e3o Sebasti\u00e3o do Umbuzeiro teve in\u00edcio neste s\u00e1bado, dia 15, e se estender\u00e1 at\u00e9 a noite deste deste domingo,&hellip; <\/p>\n","protected":false},"author":1,"featured_media":153649,"comment_status":"closed","ping_status":"closed","sticky":false,"template":"","format":"standard","meta":{"sfsi_plus_gutenberg_text_before_share":"","sfsi_plus_gutenberg_show_text_before_share":"","sfsi_plus_gutenberg_icon_type":"","sfsi_plus_gutenberg_icon_alignemt":"","sfsi_plus_gutenburg_max_per_row":"","footnotes":""},"categories":[6,50],"tags":[],"class_list":["post-153648","post","type-post","status-publish","format-standard","has-post-thumbnail","hentry","category-cidades","category-destaque"],"_links":{"self":[{"href":"https:\/\/www.caririemacao.com\/1\/wp-json\/wp\/v2\/posts\/153648","targetHints":{"allow":["GET"]}}],"collection":[{"href":"https:\/\/www.caririemacao.com\/1\/wp-json\/wp\/v2\/posts"}],"about":[{"href":"https:\/\/www.caririemacao.com\/1\/wp-json\/wp\/v2\/types\/post"}],"author":[{"embeddable":true,"href":"https:\/\/www.caririemacao.com\/1\/wp-json\/wp\/v2\/users\/1"}],"replies":[{"embeddable":true,"href":"https:\/\/www.caririemacao.com\/1\/wp-json\/wp\/v2\/comments?post=153648"}],"version-history":[{"count":3,"href":"https:\/\/www.caririemacao.com\/1\/wp-json\/wp\/v2\/posts\/153648\/revisions"}],"predecessor-version":[{"id":153654,"href":"https:\/\/www.caririemacao.com\/1\/wp-json\/wp\/v2\/posts\/153648\/revisions\/153654"}],"wp:featuredmedia":[{"embeddable":true,"href":"https:\/\/www.caririemacao.com\/1\/wp-json\/wp\/v2\/media\/153649"}],"wp:attachment":[{"href":"https:\/\/www.caririemacao.com\/1\/wp-json\/wp\/v2\/media?parent=153648"}],"wp:term":[{"taxonomy":"category","embeddable":true,"href":"https:\/\/www.caririemacao.com\/1\/wp-json\/wp\/v2\/categories?post=153648"},{"taxonomy":"post_tag","embeddable":true,"href":"https:\/\/www.caririemacao.com\/1\/wp-json\/wp\/v2\/tags?post=153648"}],"curies":[{"name":"wp","href":"https:\/\/api.w.org\/{rel}","templated":true}]}}