{"id":153927,"date":"2020-02-18T13:17:22","date_gmt":"2020-02-18T16:17:22","guid":{"rendered":"http:\/\/www.caririemacao.com\/1\/?p=153927"},"modified":"2020-02-18T13:18:22","modified_gmt":"2020-02-18T16:18:22","slug":"sumeense-joao-boemio-pede-ajuda-para-ter-novamente-um-violao-assista-o-video","status":"publish","type":"post","link":"https:\/\/www.caririemacao.com\/1\/2020\/02\/18\/sumeense-joao-boemio-pede-ajuda-para-ter-novamente-um-violao-assista-o-video\/","title":{"rendered":"Sumeense \u201cJo\u00e3o Bo\u00eamio\u201d pede ajuda para ter novamente um viol\u00e3o"},"content":{"rendered":"\n<p>Um morador da cidade de Sum\u00e9 no Cariri paraibano, conhecido como \u201cJo\u00e3o Bo\u00eamio\u201d gravou um v\u00eddeo bastante comovente. Na grava\u00e7\u00e3o o mesmo est\u00e1 pedindo uma ajuda para ter novamente um \u201cViol\u00e3o el\u00e9trico\u201d instrumento musical que tanto ama.<\/p>\n\n\n\n<p>O viol\u00e3o quebrado&nbsp; foi mandado para o conserto, mas infelizmente n\u00e3o teve mais jeito. Bo\u00eamio disse que o viol\u00e3o pode ser&nbsp; novo ou usado, das duas formas&nbsp; ficaria bastante agradecido.<\/p>\n\n\n\n<p>Jo\u00e3o Bo\u00eamio \u00e9 um cidad\u00e3o&nbsp; bastante conhecido da popula\u00e7\u00e3o sumeense, o v\u00eddeo foi gravado e postado pelo pessoal da comunidade&nbsp;<strong><a rel=\"noreferrer noopener\" href=\"https:\/\/www.facebook.com\/Sum%C3%A9-No-Face-269177283805007\/\" target=\"_blank\">Sum\u00e9 No Face.<\/a><\/strong><\/p>\n\n\n\n<p><strong>O PIPOCO<\/strong><\/p>\n","protected":false},"excerpt":{"rendered":"<p>Um morador da cidade de Sum\u00e9 no Cariri paraibano, conhecido como \u201cJo\u00e3o Bo\u00eamio\u201d gravou um v\u00eddeo bastante comovente. Na grava\u00e7\u00e3o o mesmo est\u00e1 pedindo uma&hellip; <\/p>\n","protected":false},"author":2,"featured_media":153928,"comment_status":"closed","ping_status":"closed","sticky":false,"template":"","format":"standard","meta":{"sfsi_plus_gutenberg_text_before_share":"","sfsi_plus_gutenberg_show_text_before_share":"","sfsi_plus_gutenberg_icon_type":"","sfsi_plus_gutenberg_icon_alignemt":"","sfsi_plus_gutenburg_max_per_row":"","footnotes":""},"categories":[2],"tags":[],"class_list":["post-153927","post","type-post","status-publish","format-standard","has-post-thumbnail","hentry","category-geral"],"_links":{"self":[{"href":"https:\/\/www.caririemacao.com\/1\/wp-json\/wp\/v2\/posts\/153927","targetHints":{"allow":["GET"]}}],"collection":[{"href":"https:\/\/www.caririemacao.com\/1\/wp-json\/wp\/v2\/posts"}],"about":[{"href":"https:\/\/www.caririemacao.com\/1\/wp-json\/wp\/v2\/types\/post"}],"author":[{"embeddable":true,"href":"https:\/\/www.caririemacao.com\/1\/wp-json\/wp\/v2\/users\/2"}],"replies":[{"embeddable":true,"href":"https:\/\/www.caririemacao.com\/1\/wp-json\/wp\/v2\/comments?post=153927"}],"version-history":[{"count":2,"href":"https:\/\/www.caririemacao.com\/1\/wp-json\/wp\/v2\/posts\/153927\/revisions"}],"predecessor-version":[{"id":153933,"href":"https:\/\/www.caririemacao.com\/1\/wp-json\/wp\/v2\/posts\/153927\/revisions\/153933"}],"wp:featuredmedia":[{"embeddable":true,"href":"https:\/\/www.caririemacao.com\/1\/wp-json\/wp\/v2\/media\/153928"}],"wp:attachment":[{"href":"https:\/\/www.caririemacao.com\/1\/wp-json\/wp\/v2\/media?parent=153927"}],"wp:term":[{"taxonomy":"category","embeddable":true,"href":"https:\/\/www.caririemacao.com\/1\/wp-json\/wp\/v2\/categories?post=153927"},{"taxonomy":"post_tag","embeddable":true,"href":"https:\/\/www.caririemacao.com\/1\/wp-json\/wp\/v2\/tags?post=153927"}],"curies":[{"name":"wp","href":"https:\/\/api.w.org\/{rel}","templated":true}]}}