{"id":153937,"date":"2020-02-18T14:01:06","date_gmt":"2020-02-18T17:01:06","guid":{"rendered":"http:\/\/www.caririemacao.com\/1\/?p=153937"},"modified":"2020-02-18T14:26:54","modified_gmt":"2020-02-18T17:26:54","slug":"prefeito-de-amparo-decreta-ponto-facultativo-durante-o-carnaval","status":"publish","type":"post","link":"https:\/\/www.caririemacao.com\/1\/2020\/02\/18\/prefeito-de-amparo-decreta-ponto-facultativo-durante-o-carnaval\/","title":{"rendered":"Prefeito de Amparo decreta ponto facultativo no per\u00edodo de Carnaval"},"content":{"rendered":"\n<p>A Prefeitura de Amparo publicou uma decretou ponto facultativo no per\u00edodo de Carnaval, a partir do dia 24 at\u00e9 o dia 26 de fevereiro.  <\/p>\n\n\n\n<p>De acordo com o decreto municipal 001\/2020 assinado pelo prefeito In\u00e1cio N\u00f3brega as reparti\u00e7\u00f5es da administra\u00e7\u00e3o direta e indireta ficar\u00e3o fechadas nos dias 24, 25 e 26 de fevereiro (segunda,ter\u00e7a e quarta-feira) respectivamente, sendo preservados somente os servi\u00e7os essenciais como UBS-S\u00e3o Sebasti\u00e3o, coleta de lixo e Conselho Tutelar.<\/p>\n\n\n\n<p>Os servi\u00e7os da Prefeitura e seus demais \u00f3rg\u00e3os voltam ao seu funcionamento normal na pr\u00f3xima quinta-feira(27).<\/p>\n","protected":false},"excerpt":{"rendered":"<p>A Prefeitura de Amparo publicou uma decretou ponto facultativo no per\u00edodo de Carnaval, a partir do dia 24 at\u00e9 o dia 26 de fevereiro. De&hellip; <\/p>\n","protected":false},"author":1,"featured_media":153938,"comment_status":"closed","ping_status":"closed","sticky":false,"template":"","format":"standard","meta":{"sfsi_plus_gutenberg_text_before_share":"","sfsi_plus_gutenberg_show_text_before_share":"","sfsi_plus_gutenberg_icon_type":"","sfsi_plus_gutenberg_icon_alignemt":"","sfsi_plus_gutenburg_max_per_row":"","footnotes":""},"categories":[6,50],"tags":[],"class_list":["post-153937","post","type-post","status-publish","format-standard","has-post-thumbnail","hentry","category-cidades","category-destaque"],"_links":{"self":[{"href":"https:\/\/www.caririemacao.com\/1\/wp-json\/wp\/v2\/posts\/153937","targetHints":{"allow":["GET"]}}],"collection":[{"href":"https:\/\/www.caririemacao.com\/1\/wp-json\/wp\/v2\/posts"}],"about":[{"href":"https:\/\/www.caririemacao.com\/1\/wp-json\/wp\/v2\/types\/post"}],"author":[{"embeddable":true,"href":"https:\/\/www.caririemacao.com\/1\/wp-json\/wp\/v2\/users\/1"}],"replies":[{"embeddable":true,"href":"https:\/\/www.caririemacao.com\/1\/wp-json\/wp\/v2\/comments?post=153937"}],"version-history":[{"count":5,"href":"https:\/\/www.caririemacao.com\/1\/wp-json\/wp\/v2\/posts\/153937\/revisions"}],"predecessor-version":[{"id":153985,"href":"https:\/\/www.caririemacao.com\/1\/wp-json\/wp\/v2\/posts\/153937\/revisions\/153985"}],"wp:featuredmedia":[{"embeddable":true,"href":"https:\/\/www.caririemacao.com\/1\/wp-json\/wp\/v2\/media\/153938"}],"wp:attachment":[{"href":"https:\/\/www.caririemacao.com\/1\/wp-json\/wp\/v2\/media?parent=153937"}],"wp:term":[{"taxonomy":"category","embeddable":true,"href":"https:\/\/www.caririemacao.com\/1\/wp-json\/wp\/v2\/categories?post=153937"},{"taxonomy":"post_tag","embeddable":true,"href":"https:\/\/www.caririemacao.com\/1\/wp-json\/wp\/v2\/tags?post=153937"}],"curies":[{"name":"wp","href":"https:\/\/api.w.org\/{rel}","templated":true}]}}