{"id":153942,"date":"2020-02-18T14:13:12","date_gmt":"2020-02-18T17:13:12","guid":{"rendered":"http:\/\/www.caririemacao.com\/1\/?p=153942"},"modified":"2020-02-18T14:13:14","modified_gmt":"2020-02-18T17:13:14","slug":"sancionada-lei-que-cria-programa-pb-saude-para-substituir-organizacoes-sociais","status":"publish","type":"post","link":"https:\/\/www.caririemacao.com\/1\/2020\/02\/18\/sancionada-lei-que-cria-programa-pb-saude-para-substituir-organizacoes-sociais\/","title":{"rendered":"Sancionada lei que cria programa PB Sa\u00fade para substituir organiza\u00e7\u00f5es sociais"},"content":{"rendered":"\n<p>Foi sancionada nesta ter\u00e7a-feira (18) a lei que cria a Funda\u00e7\u00e3o Paraibana de Gest\u00e3o em Sa\u00fade, o programa PB Sa\u00fade. A lei foi publicada no&nbsp;Di\u00e1rio Oficial do Estado (DOE)&nbsp;e assinada pelo governador da Para\u00edba, Jo\u00e3o Azev\u00eado (Cidadania). A PB sa\u00fade deve atuar em conson\u00e2ncia com os princ\u00edpios, normas e diretrizes do Sistema \u00danico de Sa\u00fade (SUS).<\/p>\n\n\n\n<p>A iniciativa para cria\u00e7\u00e3o do programa aconteceu ap\u00f3s a&nbsp;Opera\u00e7\u00e3o Ju\u00edzo-Final, que investiga organiza\u00e7\u00e3o criminosa suspeita de desvio de R$134,2 milh\u00f5es de servi\u00e7os de sa\u00fade e educa\u00e7\u00e3o, por meio de organiza\u00e7\u00f5es sociais, em que&nbsp;Jo\u00e3o Azev\u00eado (sem partido) e o ex-governador Ricardo Coutinho (PSB) foram alvos.<\/p>\n\n\n\n<p>O objetivo atual do governador da Para\u00edba \u00e9 que a&nbsp;gest\u00e3o das unidades de sa\u00fade fique sob total responsabilidade da Secretaria de Estado da Sa\u00fade. A proposta prev\u00ea a implanta\u00e7\u00e3o gradativa do programa em substitui\u00e7\u00e3o \u00e0s organiza\u00e7\u00f5es sociais envolvidas em um esquema de corrup\u00e7\u00e3o que desviava dinheiro das unidades de sa\u00fade. A medida ir\u00e1 permitir que se torne mais \u00e1gil a compra de material permanente, equipamentos e a realiza\u00e7\u00e3o de concurso ou processos seletivos simplificados.<\/p>\n\n\n\n<p>De acordo com a lei, o programa tem um prazo de dura\u00e7\u00e3o interdeterminada, com sede e foro na Para\u00edba. A PB Sa\u00fade tem como finalidades exercer atividades de gest\u00e3o e presta\u00e7\u00e3o de servi\u00e7os de sa\u00fade, al\u00e9m de executar a\u00e7\u00f5es, programas e estrat\u00e9gias que venham a ser objeto de determina\u00e7\u00f5es das pol\u00edticas de sa\u00fade emanadas da Secretaria de Estado da Sa\u00fade.<\/p>\n\n\n\n<p>A PB Sa\u00fade ser\u00e1 formada por um Conselho de Administra\u00e7\u00e3o, Dire\u00e7\u00e3o Superior e Conselho Fiscal. O Conselho de Administra\u00e7\u00e3o ter\u00e1 composi\u00e7\u00e3o do secret\u00e1rio de estado da sa\u00fade, que ser\u00e1 o presidente, secret\u00e1rio de estado da administra\u00e7\u00e3o, secret\u00e1rio de estado do planejamento, or\u00e7amento e gest\u00e3o, procurador geral do estado, superintendente da PB Sa\u00fade (membro da Dire\u00e7\u00e3o Superior) e membros da sociedade civil indicados<\/p>\n\n\n\n<p>O regime de pessoal ser\u00e1 o da Consolida\u00e7\u00e3o das Leis do Trabalho (CLT). A contrata\u00e7\u00e3o de pessoal ser\u00e1 dada mediante aprova\u00e7\u00e3o em concurso ou processo seletivo simplificado p\u00fablico, com exce\u00e7\u00e3o para os cargos de nomea\u00e7\u00e3o e exonera\u00e7\u00e3o.<\/p>\n\n\n\n<p>Cabe tamb\u00e9m \u00e0 PB Sa\u00fade desenvolver atividades de educa\u00e7\u00e3o, pesquisa e inova\u00e7\u00e3o tecnol\u00f3gica em sa\u00fade, estabelecendo programas pr\u00f3prios de pesquisa, de educa\u00e7\u00e3o em servi\u00e7o, podendo ofertar bolsas aos servidores p\u00fablicos e aos residentes.<\/p>\n\n\n\n<p>Na lei ainda est\u00e1 a autoriza\u00e7\u00e3o da transfer\u00eancia do Hospital Geral de Mamanguape, integrante da estrutura da Secretaria de Estado da Sa\u00fade, para incorpora\u00e7\u00e3o ao patrim\u00f4nio da PB Sa\u00fade, inclu\u00eddo o im\u00f3vel, o acervo t\u00e9cnico, documental, mobili\u00e1rio e de equipamentos, que deve operar mediante ato do titular da SES.<\/p>\n\n\n\n<p>As atividades devem ser acompanhadas e fiscalizadas pelo Tribunal de Contas do Estado e pela Controladoria Geral. Um relat\u00f3rio anual deve ser entregue aos \u00f3rg\u00e3os para que as atividades sejam analisadas.<\/p>\n\n\n\n<p><em>G1 PB \u2013 Foto: Ascom\/HGM<\/em><\/p>\n","protected":false},"excerpt":{"rendered":"<p>Foi sancionada nesta ter\u00e7a-feira (18) a lei que cria a Funda\u00e7\u00e3o Paraibana de Gest\u00e3o em Sa\u00fade, o programa PB Sa\u00fade. A lei foi publicada no&nbsp;Di\u00e1rio&hellip; <\/p>\n","protected":false},"author":2,"featured_media":153943,"comment_status":"closed","ping_status":"closed","sticky":false,"template":"","format":"standard","meta":{"sfsi_plus_gutenberg_text_before_share":"","sfsi_plus_gutenberg_show_text_before_share":"","sfsi_plus_gutenberg_icon_type":"","sfsi_plus_gutenberg_icon_alignemt":"","sfsi_plus_gutenburg_max_per_row":"","footnotes":""},"categories":[2],"tags":[],"class_list":["post-153942","post","type-post","status-publish","format-standard","has-post-thumbnail","hentry","category-geral"],"_links":{"self":[{"href":"https:\/\/www.caririemacao.com\/1\/wp-json\/wp\/v2\/posts\/153942","targetHints":{"allow":["GET"]}}],"collection":[{"href":"https:\/\/www.caririemacao.com\/1\/wp-json\/wp\/v2\/posts"}],"about":[{"href":"https:\/\/www.caririemacao.com\/1\/wp-json\/wp\/v2\/types\/post"}],"author":[{"embeddable":true,"href":"https:\/\/www.caririemacao.com\/1\/wp-json\/wp\/v2\/users\/2"}],"replies":[{"embeddable":true,"href":"https:\/\/www.caririemacao.com\/1\/wp-json\/wp\/v2\/comments?post=153942"}],"version-history":[{"count":1,"href":"https:\/\/www.caririemacao.com\/1\/wp-json\/wp\/v2\/posts\/153942\/revisions"}],"predecessor-version":[{"id":153944,"href":"https:\/\/www.caririemacao.com\/1\/wp-json\/wp\/v2\/posts\/153942\/revisions\/153944"}],"wp:featuredmedia":[{"embeddable":true,"href":"https:\/\/www.caririemacao.com\/1\/wp-json\/wp\/v2\/media\/153943"}],"wp:attachment":[{"href":"https:\/\/www.caririemacao.com\/1\/wp-json\/wp\/v2\/media?parent=153942"}],"wp:term":[{"taxonomy":"category","embeddable":true,"href":"https:\/\/www.caririemacao.com\/1\/wp-json\/wp\/v2\/categories?post=153942"},{"taxonomy":"post_tag","embeddable":true,"href":"https:\/\/www.caririemacao.com\/1\/wp-json\/wp\/v2\/tags?post=153942"}],"curies":[{"name":"wp","href":"https:\/\/api.w.org\/{rel}","templated":true}]}}