{"id":153947,"date":"2020-02-18T14:15:05","date_gmt":"2020-02-18T17:15:05","guid":{"rendered":"http:\/\/www.caririemacao.com\/1\/?p=153947"},"modified":"2020-02-18T14:15:06","modified_gmt":"2020-02-18T17:15:06","slug":"bolsonaro-repete-ofensas-de-empresario-a-jornalista-entidades-repudiam","status":"publish","type":"post","link":"https:\/\/www.caririemacao.com\/1\/2020\/02\/18\/bolsonaro-repete-ofensas-de-empresario-a-jornalista-entidades-repudiam\/","title":{"rendered":"Bolsonaro repete ofensas de empres\u00e1rio a jornalista; entidades repudiam"},"content":{"rendered":"\n<p>O presidente da Rep\u00fablica, Jair Bolsonaro, ofendeu a rep\u00f3rter da &#8220;Folha de S. Paulo&#8221; Patr\u00edcia Campos Mello nesta ter\u00e7a-feira (18). Com insinua\u00e7\u00f5es sexuais, o presidente questionou a atua\u00e7\u00e3o da jornalista em apura\u00e7\u00f5es sobre o disparo em massa de mensagens.<\/p>\n\n\n\n<p>A declara\u00e7\u00e3o foi feita na sa\u00edda do Pal\u00e1cio do Alvorada e cita Hans River do Nascimento, ex-funcion\u00e1rio da empresa de marketing digital Yacows. Segundo reportagem do jornal &#8220;Folha de S.Paulo&#8221;, a empresa teria participado de esquema de disparo de mensagens por meio da rede social durante as elei\u00e7\u00f5es.<\/p>\n\n\n\n<p>Na semana passada, Hans River prestou esclarecimentos \u00e0 Comiss\u00e3o Parlamentar Mista de Inqu\u00e9rito do Congresso Nacional que apura a dissemina\u00e7\u00e3o de conte\u00fado falso na internet, a CPMI das Fake News.<\/p>\n\n\n\n<figure><iframe width=\"727\" height=\"409\" data-src=\"https:\/\/www.youtube.com\/embed\/5RjLfQ47JPQ\" allowfullscreen=\"\" src=\"data:image\/svg+xml;base64,PHN2ZyB3aWR0aD0iMSIgaGVpZ2h0PSIxIiB4bWxucz0iaHR0cDovL3d3dy53My5vcmcvMjAwMC9zdmciPjwvc3ZnPg==\" class=\"lazyload\" data-load-mode=\"1\"><\/iframe><\/figure>\n\n\n\n<p>Leia o que Bolsonaro disse nesta ter\u00e7a-feira:<\/p>\n\n\n\n<p>&#8220;Olha, a jornalista da Folha, tem mais um v\u00eddeo dela a\u00ed. Eu n\u00e3o vou falar aqui porque tem senhora do meu lado. Ela falando eu sou a &#8216;tatata&#8217; do PT. T\u00e1 certo? E o depoimento do Hans River, foi no final de 2018 para o Minist\u00e9rio P\u00fablico, ele diz do ass\u00e9dio da jornalista em cima dele. Ela queria um furo. Ela queria dar um furo [pausa, pessoas riem] a qualquer pre\u00e7o contra mim. L\u00e1 em 2018, ele j\u00e1 dizia que eles chegavam perguntando &#8216;o Bolsonaro pagou para voc\u00ea divulgar informa\u00e7\u00f5es por Whatsapp?&#8221;.<\/p>\n\n\n\n<p>Sobre as ofensas proferidas, a Folha divulgou a seguinte nota: &#8220;O presidente da Rep\u00fablica agride a rep\u00f3rter Patr\u00edcia Campos Mello e todo o jornalismo profissional com a sua atitude. Vilipendia tamb\u00e9m a dignidade, a honra e o decoro que a lei exige do exerc\u00edcio da Presid\u00eancia&#8221;.<\/p>\n\n\n\n<p>Nesta ter\u00e7a, a Associa\u00e7\u00e3o Nacional de Jornais (ANJ) e Associa\u00e7\u00e3o Nacional de Editores de Revistas (ANER) divulgaram nota conjunta em rep\u00fadio aos ataques:<\/p>\n\n\n\n<p>&#8220;A Associa\u00e7\u00e3o Nacional de Editores de Revistas (ANER) e a Associa\u00e7\u00e3o Nacional de Jornais (ANJ) protestam contra as lament\u00e1veis declara\u00e7\u00f5es do presidente Jair Bolsonaro ao ecoar ofensas contra a rep\u00f3rter Patr\u00edcia Campos Mello, do jornal Folha de S.Paulo.<\/p>\n\n\n\n<p>As insinua\u00e7\u00f5es do presidente buscam desqualificar o livre exerc\u00edcio do jornalismo e confundir a opini\u00e3o p\u00fablica. Como infelizmente tem acontecido reiteradas vezes, o presidente se aproveita da presen\u00e7a de uma claque para atacar jornalistas, cujo trabalho \u00e9 essencial para a sociedade e a preserva\u00e7\u00e3o da democracia.&#8221;<\/p>\n\n\n\n<p>H\u00e1 uma semana, no dia 11 de fevereiro, a mesma rep\u00f3rter da Folha j\u00e1 tinha sido alvo de ataques. Durante a sess\u00e3o da CPI, Hans River disse que Patr\u00edcia Campos Mello &#8220;se insinuou&#8221; para ele para tentar obter informa\u00e7\u00f5es sobre disparos de mensagens.<\/p>\n\n\n\n<p>Na semana passada, entidades tamb\u00e9m divulgaram notas de rep\u00fadio e disseram que os ataques \u00e0 jornalista na CPI t\u00eam car\u00e1ter &#8220;mis\u00f3gino, violento e sexista&#8221; e contribuem para a &#8220;persegui\u00e7\u00e3o a jornalistas e descredibiliza\u00e7\u00e3o da profiss\u00e3o&#8221;.<br><\/p>\n\n\n\n<p>Ap\u00f3s o epis\u00f3dio, a relatora da comiss\u00e3o, a deputada L\u00eddice da Mata (PSB-BA), protocolou uma representa\u00e7\u00e3o na Procuradoria-Geral da Rep\u00fablica (PGR) contra Hans River. No pedido ela afirma que o depoente apresentou &#8220;diversas informa\u00e7\u00f5es que, posteriormente, viriam a se mostrar inconsistentes ou inver\u00eddicas&#8221;.<\/p>\n","protected":false},"excerpt":{"rendered":"<p>O presidente da Rep\u00fablica, Jair Bolsonaro, ofendeu a rep\u00f3rter da &#8220;Folha de S. Paulo&#8221; Patr\u00edcia Campos Mello nesta ter\u00e7a-feira (18). Com insinua\u00e7\u00f5es sexuais, o presidente&hellip; <\/p>\n","protected":false},"author":2,"featured_media":153948,"comment_status":"closed","ping_status":"closed","sticky":false,"template":"","format":"standard","meta":{"sfsi_plus_gutenberg_text_before_share":"","sfsi_plus_gutenberg_show_text_before_share":"","sfsi_plus_gutenberg_icon_type":"","sfsi_plus_gutenberg_icon_alignemt":"","sfsi_plus_gutenburg_max_per_row":"","footnotes":""},"categories":[11],"tags":[],"class_list":["post-153947","post","type-post","status-publish","format-standard","has-post-thumbnail","hentry","category-politica"],"_links":{"self":[{"href":"https:\/\/www.caririemacao.com\/1\/wp-json\/wp\/v2\/posts\/153947","targetHints":{"allow":["GET"]}}],"collection":[{"href":"https:\/\/www.caririemacao.com\/1\/wp-json\/wp\/v2\/posts"}],"about":[{"href":"https:\/\/www.caririemacao.com\/1\/wp-json\/wp\/v2\/types\/post"}],"author":[{"embeddable":true,"href":"https:\/\/www.caririemacao.com\/1\/wp-json\/wp\/v2\/users\/2"}],"replies":[{"embeddable":true,"href":"https:\/\/www.caririemacao.com\/1\/wp-json\/wp\/v2\/comments?post=153947"}],"version-history":[{"count":1,"href":"https:\/\/www.caririemacao.com\/1\/wp-json\/wp\/v2\/posts\/153947\/revisions"}],"predecessor-version":[{"id":153949,"href":"https:\/\/www.caririemacao.com\/1\/wp-json\/wp\/v2\/posts\/153947\/revisions\/153949"}],"wp:featuredmedia":[{"embeddable":true,"href":"https:\/\/www.caririemacao.com\/1\/wp-json\/wp\/v2\/media\/153948"}],"wp:attachment":[{"href":"https:\/\/www.caririemacao.com\/1\/wp-json\/wp\/v2\/media?parent=153947"}],"wp:term":[{"taxonomy":"category","embeddable":true,"href":"https:\/\/www.caririemacao.com\/1\/wp-json\/wp\/v2\/categories?post=153947"},{"taxonomy":"post_tag","embeddable":true,"href":"https:\/\/www.caririemacao.com\/1\/wp-json\/wp\/v2\/tags?post=153947"}],"curies":[{"name":"wp","href":"https:\/\/api.w.org\/{rel}","templated":true}]}}