{"id":153953,"date":"2020-02-18T14:16:46","date_gmt":"2020-02-18T17:16:46","guid":{"rendered":"http:\/\/www.caririemacao.com\/1\/?p=153953"},"modified":"2020-02-18T14:16:48","modified_gmt":"2020-02-18T17:16:48","slug":"al-promulga-lei-que-libera-venda-de-bebidas-em-estadios-da-pb","status":"publish","type":"post","link":"https:\/\/www.caririemacao.com\/1\/2020\/02\/18\/al-promulga-lei-que-libera-venda-de-bebidas-em-estadios-da-pb\/","title":{"rendered":"AL promulga lei que libera venda de bebidas em est\u00e1dios da PB"},"content":{"rendered":"\n<p>O presidente da Assembleia Legislativa da Para\u00edba (ALPB), Adriano Galdino (PSB), promulgou na manh\u00e3 desta ter\u00e7a-feira (18) o projeto de lei de autoria do deputado Edmilson Soares (Podemos) que libera a venda de bebidas alco\u00f3licas em eventos esportivos no Estado, como em partidas de futebol.<\/p>\n\n\n\n<p>\u201cCumpri minha decis\u00e3o. Promulguei a lei que vai permitir a venda de bebidas alco\u00f3licas nos est\u00e1dios. Votei contra o projeto, toda via estou como presidente respeitando a decis\u00e3o da maioria, promulgando para que tenhamos futebol com mais renda\u201d, disse.<\/p>\n\n\n\n<p>O secret\u00e1rio de Esportes do Estado, Herv\u00e1zio Bezerra, afirmou que ainda n\u00e3o teve acesso ao conte\u00fado da lei, mas disse que vai procurar parcerias para garantir as fiscaliza\u00e7\u00f5es nos est\u00e1dios.<\/p>\n\n\n\n<p>\u201cN\u00e3o temos fiscal. Mas, eu deslumbro que o Procon seja o grande parceiro para auxiliar e fiscalizar. Sob o ponto de vista pr\u00e1tico, diria que essa lei vai minimizar s\u00e9rios e graves problemas dos clubes em grandes jogos\u201d, pontuou.<\/p>\n\n\n\n<p>A presidente da Federa\u00e7\u00e3o Paraibana de Futebol (FPF), Michele Ramalho, aprovou a iniciativa da Assembleia. \u201cEu entendo que isso ir\u00e1 atrair torcedores para dentro dos est\u00e1dios e tamb\u00e9m poss\u00edveis patrocinadores. A promulga\u00e7\u00e3o de hoje se torna um dia hist\u00f3rico, a Para\u00edba est\u00e1 vivendo um grande momento\u201d, pontuou.<\/p>\n\n\n\n<p><\/p>\n\n\n\n<p>MaisPB<\/p>\n","protected":false},"excerpt":{"rendered":"<p>O presidente da Assembleia Legislativa da Para\u00edba (ALPB), Adriano Galdino (PSB), promulgou na manh\u00e3 desta ter\u00e7a-feira (18) o projeto de lei de autoria do deputado&hellip; <\/p>\n","protected":false},"author":2,"featured_media":153954,"comment_status":"closed","ping_status":"closed","sticky":false,"template":"","format":"standard","meta":{"sfsi_plus_gutenberg_text_before_share":"","sfsi_plus_gutenberg_show_text_before_share":"","sfsi_plus_gutenberg_icon_type":"","sfsi_plus_gutenberg_icon_alignemt":"","sfsi_plus_gutenburg_max_per_row":"","footnotes":""},"categories":[13],"tags":[],"class_list":["post-153953","post","type-post","status-publish","format-standard","has-post-thumbnail","hentry","category-esportes"],"_links":{"self":[{"href":"https:\/\/www.caririemacao.com\/1\/wp-json\/wp\/v2\/posts\/153953","targetHints":{"allow":["GET"]}}],"collection":[{"href":"https:\/\/www.caririemacao.com\/1\/wp-json\/wp\/v2\/posts"}],"about":[{"href":"https:\/\/www.caririemacao.com\/1\/wp-json\/wp\/v2\/types\/post"}],"author":[{"embeddable":true,"href":"https:\/\/www.caririemacao.com\/1\/wp-json\/wp\/v2\/users\/2"}],"replies":[{"embeddable":true,"href":"https:\/\/www.caririemacao.com\/1\/wp-json\/wp\/v2\/comments?post=153953"}],"version-history":[{"count":1,"href":"https:\/\/www.caririemacao.com\/1\/wp-json\/wp\/v2\/posts\/153953\/revisions"}],"predecessor-version":[{"id":153955,"href":"https:\/\/www.caririemacao.com\/1\/wp-json\/wp\/v2\/posts\/153953\/revisions\/153955"}],"wp:featuredmedia":[{"embeddable":true,"href":"https:\/\/www.caririemacao.com\/1\/wp-json\/wp\/v2\/media\/153954"}],"wp:attachment":[{"href":"https:\/\/www.caririemacao.com\/1\/wp-json\/wp\/v2\/media?parent=153953"}],"wp:term":[{"taxonomy":"category","embeddable":true,"href":"https:\/\/www.caririemacao.com\/1\/wp-json\/wp\/v2\/categories?post=153953"},{"taxonomy":"post_tag","embeddable":true,"href":"https:\/\/www.caririemacao.com\/1\/wp-json\/wp\/v2\/tags?post=153953"}],"curies":[{"name":"wp","href":"https:\/\/api.w.org\/{rel}","templated":true}]}}