{"id":153965,"date":"2020-02-18T14:20:41","date_gmt":"2020-02-18T17:20:41","guid":{"rendered":"http:\/\/www.caririemacao.com\/1\/?p=153965"},"modified":"2020-02-18T14:20:44","modified_gmt":"2020-02-18T17:20:44","slug":"prefeitura-de-ouro-velho-abre-ano-letivo-2020-com-entrega-de-kits-escolares-aos-alunos-e-professores","status":"publish","type":"post","link":"https:\/\/www.caririemacao.com\/1\/2020\/02\/18\/prefeitura-de-ouro-velho-abre-ano-letivo-2020-com-entrega-de-kits-escolares-aos-alunos-e-professores\/","title":{"rendered":"Prefeitura de Ouro Velho abre ano letivo 2020 com entrega de kits escolares aos alunos e professores"},"content":{"rendered":"\n<p>A Prefeitura Municipal de Ouro Velho, por meio da Secretaria de Educa\u00e7\u00e3o, realizou nesta tarde de segunda feira(17) a abertura oficial do encontro Pedag\u00f3gico de in\u00edcio de ano letivo 2020.<\/p>\n\n\n\n<p>O encontro que n\u00e3o \u00e9 somente uma reuni\u00e3o de servi\u00e7o, mais um momento de confraterniza\u00e7\u00e3o entre os profissionais e foi realizado na Quadra da Escola Municipal Jacinto Dantas. Na ocasi\u00e3o foi dado uma palestra, comandada pelo Conselho Tutelar da cidade<\/p>\n\n\n\n<p>Al\u00e9m da Secret\u00e1ria a Professora Edjane Cabral, diretores, funcion\u00e1rios e professores, todos da rede municipal de ensina na Zona Urbana e Zona Rural, participaram o Vice Prefeito Fl\u00e1vio Henrique, representando a Prefeita Nat\u00e1lia de Dr. J\u00fanior e o Secret\u00e1rio de Infraestrutura Wendel.<\/p>\n\n\n\n<p>Na oportunidade foram entregues kits escolares aos alunos e professores, contendo um riqu\u00edssimo material.<\/p>\n\n\n\n<p>Na abertura do encontro a Secret\u00e1ria de Educa\u00e7\u00e3o Professora Edjane Cabral, deixou sua mensagem de um bom trabalho aos profissionais da educa\u00e7\u00e3o, e disse ainda que valorizar o profissional \u00e9 uma meta da gest\u00e3o Nat\u00e1lia de Dr. J\u00fanior, e ainda falou aos alunos que toda dedica\u00e7\u00e3o aos estudos \u00e9 o \u00fanico caminho para um futuro promissor.<\/p>\n\n\n\n<p>Estamos abrindo o ano letivo hoje da nossa rede, o que demostra o compromisso e credibilidade com a educa\u00e7\u00e3o de Ouro Velho, vamos avan\u00e7ar com o processo de educa\u00e7\u00e3o nosso munic\u00edpio, disse o Vice Prefeito Fl\u00e1vio Henrique.<\/p>\n","protected":false},"excerpt":{"rendered":"<p>A Prefeitura Municipal de Ouro Velho, por meio da Secretaria de Educa\u00e7\u00e3o, realizou nesta tarde de segunda feira(17) a abertura oficial do encontro Pedag\u00f3gico de&hellip; <\/p>\n","protected":false},"author":2,"featured_media":153966,"comment_status":"closed","ping_status":"closed","sticky":false,"template":"","format":"standard","meta":{"sfsi_plus_gutenberg_text_before_share":"","sfsi_plus_gutenberg_show_text_before_share":"","sfsi_plus_gutenberg_icon_type":"","sfsi_plus_gutenberg_icon_alignemt":"","sfsi_plus_gutenburg_max_per_row":"","footnotes":""},"categories":[6],"tags":[],"class_list":["post-153965","post","type-post","status-publish","format-standard","has-post-thumbnail","hentry","category-cidades"],"_links":{"self":[{"href":"https:\/\/www.caririemacao.com\/1\/wp-json\/wp\/v2\/posts\/153965","targetHints":{"allow":["GET"]}}],"collection":[{"href":"https:\/\/www.caririemacao.com\/1\/wp-json\/wp\/v2\/posts"}],"about":[{"href":"https:\/\/www.caririemacao.com\/1\/wp-json\/wp\/v2\/types\/post"}],"author":[{"embeddable":true,"href":"https:\/\/www.caririemacao.com\/1\/wp-json\/wp\/v2\/users\/2"}],"replies":[{"embeddable":true,"href":"https:\/\/www.caririemacao.com\/1\/wp-json\/wp\/v2\/comments?post=153965"}],"version-history":[{"count":1,"href":"https:\/\/www.caririemacao.com\/1\/wp-json\/wp\/v2\/posts\/153965\/revisions"}],"predecessor-version":[{"id":153967,"href":"https:\/\/www.caririemacao.com\/1\/wp-json\/wp\/v2\/posts\/153965\/revisions\/153967"}],"wp:featuredmedia":[{"embeddable":true,"href":"https:\/\/www.caririemacao.com\/1\/wp-json\/wp\/v2\/media\/153966"}],"wp:attachment":[{"href":"https:\/\/www.caririemacao.com\/1\/wp-json\/wp\/v2\/media?parent=153965"}],"wp:term":[{"taxonomy":"category","embeddable":true,"href":"https:\/\/www.caririemacao.com\/1\/wp-json\/wp\/v2\/categories?post=153965"},{"taxonomy":"post_tag","embeddable":true,"href":"https:\/\/www.caririemacao.com\/1\/wp-json\/wp\/v2\/tags?post=153965"}],"curies":[{"name":"wp","href":"https:\/\/api.w.org\/{rel}","templated":true}]}}