{"id":153969,"date":"2020-02-18T14:24:27","date_gmt":"2020-02-18T17:24:27","guid":{"rendered":"http:\/\/www.caririemacao.com\/1\/?p=153969"},"modified":"2020-02-18T14:24:29","modified_gmt":"2020-02-18T17:24:29","slug":"plasticos-podem-estar-presentes-no-ar-que-respiramos","status":"publish","type":"post","link":"https:\/\/www.caririemacao.com\/1\/2020\/02\/18\/plasticos-podem-estar-presentes-no-ar-que-respiramos\/","title":{"rendered":"Pl\u00e1sticos podem estar presentes no ar que respiramos"},"content":{"rendered":"\n<p>A\u00a0Universidade Federal do Cear\u00e1\u00a0participa de um programa internacional chamado de<strong>\u00a0I-Plastic,<\/strong>\u00a0uma iniciativa da\u00a0<em>Joint Programming Initiative Healthy and Productive Seas and Oceans (JPI Oceans)<\/em>. A ideia \u00e9 juntar v\u00e1rios pa\u00edses para aumentar o impacto dos investimentos em pesquisas e inova\u00e7\u00e3o mar\u00edtima. O objetivo principal \u00e9 tentar rastrear a dispers\u00e3o e os impactos ambientais causados por micro e nano part\u00edculas de\u00a0<strong>pl\u00e1sticos\u00a0<\/strong>por todo o planeta.<\/p>\n\n\n\n<p>O professor&nbsp;<strong>Rivelino Martins Cavalcante<\/strong>, pesquisador do Instituto de Ci\u00eancias do Mar \u2013 Lobomar, falou ao programa&nbsp;<strong>Brasil Rural&nbsp;<\/strong>que o pa\u00eds&nbsp;est\u00e1 10 ou 15 anos atrasado no estudo sobre o assunto, j\u00e1 que ainda n\u00e3o se conhecem os danos causados pelos res\u00edduos pl\u00e1sticos que s\u00e3o vis\u00edveis.<\/p>\n\n\n\n<p>De acordo com ele,&nbsp;muitos pa\u00edses&nbsp;se preocupam com as part\u00edculas que de t\u00e3o pequenas s\u00e3o invis\u00edveis, mas j\u00e1 foram encontradas at\u00e9 na \u00e1gua pot\u00e1vel.<\/p>\n\n\n\n<h3 class=\"wp-block-heading\">\u201cAlguns estados no continente de pa\u00edses desenvolvidos est\u00e3o encontrando nano pl\u00e1stico na \u00e1gua de tomar (\u2026) S\u00e3o estados no centro do continente que n\u00e3o t\u00eam rela\u00e7\u00e3o com o mar. Ningu\u00e9m sabe ainda como explicar isso\u201d, acrescentou.&nbsp;<\/h3>\n\n\n\n<p>Para o professor, essas part\u00edculas podem estar at\u00e9 no ar que respiramos, a exemplo do p\u00f3 de borracha que se solta do desgaste dos pneus.<\/p>\n","protected":false},"excerpt":{"rendered":"<p>A\u00a0Universidade Federal do Cear\u00e1\u00a0participa de um programa internacional chamado de\u00a0I-Plastic,\u00a0uma iniciativa da\u00a0Joint Programming Initiative Healthy and Productive Seas and Oceans (JPI Oceans). A ideia \u00e9&hellip; <\/p>\n","protected":false},"author":2,"featured_media":118530,"comment_status":"closed","ping_status":"closed","sticky":false,"template":"","format":"standard","meta":{"sfsi_plus_gutenberg_text_before_share":"","sfsi_plus_gutenberg_show_text_before_share":"","sfsi_plus_gutenberg_icon_type":"","sfsi_plus_gutenberg_icon_alignemt":"","sfsi_plus_gutenburg_max_per_row":"","footnotes":""},"categories":[16],"tags":[],"class_list":["post-153969","post","type-post","status-publish","format-standard","has-post-thumbnail","hentry","category-saude"],"_links":{"self":[{"href":"https:\/\/www.caririemacao.com\/1\/wp-json\/wp\/v2\/posts\/153969","targetHints":{"allow":["GET"]}}],"collection":[{"href":"https:\/\/www.caririemacao.com\/1\/wp-json\/wp\/v2\/posts"}],"about":[{"href":"https:\/\/www.caririemacao.com\/1\/wp-json\/wp\/v2\/types\/post"}],"author":[{"embeddable":true,"href":"https:\/\/www.caririemacao.com\/1\/wp-json\/wp\/v2\/users\/2"}],"replies":[{"embeddable":true,"href":"https:\/\/www.caririemacao.com\/1\/wp-json\/wp\/v2\/comments?post=153969"}],"version-history":[{"count":1,"href":"https:\/\/www.caririemacao.com\/1\/wp-json\/wp\/v2\/posts\/153969\/revisions"}],"predecessor-version":[{"id":153972,"href":"https:\/\/www.caririemacao.com\/1\/wp-json\/wp\/v2\/posts\/153969\/revisions\/153972"}],"wp:featuredmedia":[{"embeddable":true,"href":"https:\/\/www.caririemacao.com\/1\/wp-json\/wp\/v2\/media\/118530"}],"wp:attachment":[{"href":"https:\/\/www.caririemacao.com\/1\/wp-json\/wp\/v2\/media?parent=153969"}],"wp:term":[{"taxonomy":"category","embeddable":true,"href":"https:\/\/www.caririemacao.com\/1\/wp-json\/wp\/v2\/categories?post=153969"},{"taxonomy":"post_tag","embeddable":true,"href":"https:\/\/www.caririemacao.com\/1\/wp-json\/wp\/v2\/tags?post=153969"}],"curies":[{"name":"wp","href":"https:\/\/api.w.org\/{rel}","templated":true}]}}