{"id":153976,"date":"2020-02-18T14:25:59","date_gmt":"2020-02-18T17:25:59","guid":{"rendered":"http:\/\/www.caririemacao.com\/1\/?p=153976"},"modified":"2020-02-18T14:26:00","modified_gmt":"2020-02-18T17:26:00","slug":"empreender-pb-abre-inscricoes-para-dois-municipios-do-cariri-nesta-terca-feira","status":"publish","type":"post","link":"https:\/\/www.caririemacao.com\/1\/2020\/02\/18\/empreender-pb-abre-inscricoes-para-dois-municipios-do-cariri-nesta-terca-feira\/","title":{"rendered":"Empreender PB abre inscri\u00e7\u00f5es para dois munic\u00edpios do Cariri nesta ter\u00e7a-feira"},"content":{"rendered":"\n<p>O programa Empreender Para\u00edba abre, nesta ter\u00e7a-feira (18), a partir das 8h, inscri\u00e7\u00f5es para concess\u00e3o de cr\u00e9dito para empreendedores de 17 munic\u00edpios que desejam iniciar o seu pr\u00f3prio neg\u00f3cio ou fazer a amplia\u00e7\u00e3o de um j\u00e1 existente.&nbsp;As cidades que abrir\u00e3o os cadastros fazem parte das 2\u00aa, 3\u00aa, 4\u00aa e 14\u00aa Regi\u00f5es do Estado. S\u00e3o elas: Bananeiras, Cuit\u00e9, Cuit\u00e9 de Mamanguape, Cuitegi, Curral de Cima, Guarabira, Itapororoca, Juazeirinho,&nbsp;<strong>Livramento<\/strong>, Mamanguape, Mulungu, Picu\u00ed, Pirpirituba, Queimadas,<strong>&nbsp;S\u00e3o Jos\u00e9 dos Cordeiros<\/strong>, S\u00e3o Vicente do Serid\u00f3 e Soss\u00eago.<\/p>\n\n\n\n<p>Ser\u00e3o disponibilizadas 30 vagas por munic\u00edpio, com uma previs\u00e3o de 510 cadastros a serem realizados. O programa est\u00e1 dando prioridade \u00e0s cidades onde n\u00e3o foram abertas inscri\u00e7\u00f5es em 2019 ou que tiveram poucos atendimentos.<\/p>\n\n\n\n<p>As inscri\u00e7\u00f5es podem ser realizadas por pessoas f\u00edsicas maiores de 18 anos e legalmente emancipadas que residam na Para\u00edba h\u00e1 mais de seis meses. Os interessados devem&nbsp;<a href=\"http:\/\/www.empreender.pb.gov.br\/\">acessar o endere\u00e7o<\/a>, eletr\u00f4nico&nbsp;e realizar o cadastramento a partir da data e hor\u00e1rio de abertura de inscri\u00e7\u00f5es no seu munic\u00edpio.<\/p>\n\n\n\n<p>Os empreendedores que forem realizar a inscri\u00e7\u00e3o devem estar atentos \u00e0 documenta\u00e7\u00e3o exigida pelo Empreender no ato da inscri\u00e7\u00e3o. Essas informa\u00e7\u00f5es podem ser encontradas no Edital do programa&nbsp;<a href=\"http:\/\/www.empreender.pb.gov.br\/\">dispon\u00edvel no site<\/a>&nbsp;.<\/p>\n","protected":false},"excerpt":{"rendered":"<p>O programa Empreender Para\u00edba abre, nesta ter\u00e7a-feira (18), a partir das 8h, inscri\u00e7\u00f5es para concess\u00e3o de cr\u00e9dito para empreendedores de 17 munic\u00edpios que desejam iniciar&hellip; <\/p>\n","protected":false},"author":2,"featured_media":153977,"comment_status":"closed","ping_status":"closed","sticky":false,"template":"","format":"standard","meta":{"sfsi_plus_gutenberg_text_before_share":"","sfsi_plus_gutenberg_show_text_before_share":"","sfsi_plus_gutenberg_icon_type":"","sfsi_plus_gutenberg_icon_alignemt":"","sfsi_plus_gutenburg_max_per_row":"","footnotes":""},"categories":[2],"tags":[],"class_list":["post-153976","post","type-post","status-publish","format-standard","has-post-thumbnail","hentry","category-geral"],"_links":{"self":[{"href":"https:\/\/www.caririemacao.com\/1\/wp-json\/wp\/v2\/posts\/153976","targetHints":{"allow":["GET"]}}],"collection":[{"href":"https:\/\/www.caririemacao.com\/1\/wp-json\/wp\/v2\/posts"}],"about":[{"href":"https:\/\/www.caririemacao.com\/1\/wp-json\/wp\/v2\/types\/post"}],"author":[{"embeddable":true,"href":"https:\/\/www.caririemacao.com\/1\/wp-json\/wp\/v2\/users\/2"}],"replies":[{"embeddable":true,"href":"https:\/\/www.caririemacao.com\/1\/wp-json\/wp\/v2\/comments?post=153976"}],"version-history":[{"count":1,"href":"https:\/\/www.caririemacao.com\/1\/wp-json\/wp\/v2\/posts\/153976\/revisions"}],"predecessor-version":[{"id":153978,"href":"https:\/\/www.caririemacao.com\/1\/wp-json\/wp\/v2\/posts\/153976\/revisions\/153978"}],"wp:featuredmedia":[{"embeddable":true,"href":"https:\/\/www.caririemacao.com\/1\/wp-json\/wp\/v2\/media\/153977"}],"wp:attachment":[{"href":"https:\/\/www.caririemacao.com\/1\/wp-json\/wp\/v2\/media?parent=153976"}],"wp:term":[{"taxonomy":"category","embeddable":true,"href":"https:\/\/www.caririemacao.com\/1\/wp-json\/wp\/v2\/categories?post=153976"},{"taxonomy":"post_tag","embeddable":true,"href":"https:\/\/www.caririemacao.com\/1\/wp-json\/wp\/v2\/tags?post=153976"}],"curies":[{"name":"wp","href":"https:\/\/api.w.org\/{rel}","templated":true}]}}