{"id":153983,"date":"2020-02-18T14:27:58","date_gmt":"2020-02-18T17:27:58","guid":{"rendered":"http:\/\/www.caririemacao.com\/1\/?p=153983"},"modified":"2020-02-18T14:28:00","modified_gmt":"2020-02-18T17:28:00","slug":"veiculo-do-filho-de-ex-prefeito-caririzeiro-tem-pneus-cortados-em-acao-criminosa-2","status":"publish","type":"post","link":"https:\/\/www.caririemacao.com\/1\/2020\/02\/18\/veiculo-do-filho-de-ex-prefeito-caririzeiro-tem-pneus-cortados-em-acao-criminosa-2\/","title":{"rendered":"Ve\u00edculo do filho de ex-prefeito caririzeiro tem pneus cortados em a\u00e7\u00e3o criminosa"},"content":{"rendered":"\n<p>O psic\u00f3logo Omar Medeiros, filho do ex-prefeito de Santo Andr\u00e9, Dr. Lonza (in memorian), teve os quatro pneus do seu ve\u00edculo, uma WS4, cortados de forma criminosa, na madrugada do \u00faltimo domingo, dia 16.<\/p>\n\n\n\n<p>Omar, que j\u00e1 exerceu o cargo de secret\u00e1rio de sa\u00fade entre 2009 e 2012, \u00e9poca em que o seu pai governou a cidade, estava na casa da fam\u00edlia, no centro de Santo Andr\u00e9 e deixou o carro estacionado na porta, pois n\u00e3o h\u00e1 garagem.<\/p>\n\n\n\n<p>No entanto, no domingo pela manh\u00e3, ao sair, ele percebeu que os quatro pneus do autom\u00f3vel estavam vazios e cortados.<\/p>\n\n\n\n<p>Omar acredita que tenha sido um crime pol\u00edtico, pois nada do ve\u00edculo foi furtado.<\/p>\n\n\n\n<p><\/p>\n\n\n\n<p><em>Com Heleno Lima<\/em><\/p>\n","protected":false},"excerpt":{"rendered":"<p>O psic\u00f3logo Omar Medeiros, filho do ex-prefeito de Santo Andr\u00e9, Dr. Lonza (in memorian), teve os quatro pneus do seu ve\u00edculo, uma WS4, cortados de&hellip; <\/p>\n","protected":false},"author":2,"featured_media":153987,"comment_status":"closed","ping_status":"closed","sticky":false,"template":"","format":"standard","meta":{"sfsi_plus_gutenberg_text_before_share":"","sfsi_plus_gutenberg_show_text_before_share":"","sfsi_plus_gutenberg_icon_type":"","sfsi_plus_gutenberg_icon_alignemt":"","sfsi_plus_gutenburg_max_per_row":"","footnotes":""},"categories":[50,12],"tags":[],"class_list":["post-153983","post","type-post","status-publish","format-standard","has-post-thumbnail","hentry","category-destaque","category-policia"],"_links":{"self":[{"href":"https:\/\/www.caririemacao.com\/1\/wp-json\/wp\/v2\/posts\/153983","targetHints":{"allow":["GET"]}}],"collection":[{"href":"https:\/\/www.caririemacao.com\/1\/wp-json\/wp\/v2\/posts"}],"about":[{"href":"https:\/\/www.caririemacao.com\/1\/wp-json\/wp\/v2\/types\/post"}],"author":[{"embeddable":true,"href":"https:\/\/www.caririemacao.com\/1\/wp-json\/wp\/v2\/users\/2"}],"replies":[{"embeddable":true,"href":"https:\/\/www.caririemacao.com\/1\/wp-json\/wp\/v2\/comments?post=153983"}],"version-history":[{"count":1,"href":"https:\/\/www.caririemacao.com\/1\/wp-json\/wp\/v2\/posts\/153983\/revisions"}],"predecessor-version":[{"id":153988,"href":"https:\/\/www.caririemacao.com\/1\/wp-json\/wp\/v2\/posts\/153983\/revisions\/153988"}],"wp:featuredmedia":[{"embeddable":true,"href":"https:\/\/www.caririemacao.com\/1\/wp-json\/wp\/v2\/media\/153987"}],"wp:attachment":[{"href":"https:\/\/www.caririemacao.com\/1\/wp-json\/wp\/v2\/media?parent=153983"}],"wp:term":[{"taxonomy":"category","embeddable":true,"href":"https:\/\/www.caririemacao.com\/1\/wp-json\/wp\/v2\/categories?post=153983"},{"taxonomy":"post_tag","embeddable":true,"href":"https:\/\/www.caririemacao.com\/1\/wp-json\/wp\/v2\/tags?post=153983"}],"curies":[{"name":"wp","href":"https:\/\/api.w.org\/{rel}","templated":true}]}}