{"id":153986,"date":"2020-02-18T14:43:47","date_gmt":"2020-02-18T17:43:47","guid":{"rendered":"http:\/\/www.caririemacao.com\/1\/?p=153986"},"modified":"2020-02-18T18:53:48","modified_gmt":"2020-02-18T21:53:48","slug":"prefeito-de-camalau-comanda-mutirao-na-cidade","status":"publish","type":"post","link":"https:\/\/www.caririemacao.com\/1\/2020\/02\/18\/prefeito-de-camalau-comanda-mutirao-na-cidade\/","title":{"rendered":"Prefeito de Camala\u00fa comanda mutir\u00e3o na cidade"},"content":{"rendered":"\n<p>O Prefeito de Camala\u00fa,  Sandro M\u00f4co, comandou na manh\u00e3 desta ter\u00e7a-feira (18), um grande mutir\u00e3o, no centro da cidade. <\/p>\n\n\n\n<p>A convoca\u00e7\u00e3o tinha como objetivo acelerar o andamento das obras para o Carnaval Solid\u00e1rio 2020. <\/p>\n\n\n\n<p>O prefeito convocou amigos e funcion\u00e1rios p\u00fablicos para participarem do mutir\u00e3o. O ato tamb\u00e9m contou com a presen\u00e7a de v\u00e1rios volunt\u00e1rios que foram ajudar.  <\/p>\n","protected":false},"excerpt":{"rendered":"<p>O Prefeito de Camala\u00fa, Sandro M\u00f4co, comandou na manh\u00e3 desta ter\u00e7a-feira (18), um grande mutir\u00e3o, no centro da cidade. A convoca\u00e7\u00e3o tinha como objetivo acelerar&hellip; <\/p>\n","protected":false},"author":1,"featured_media":15964,"comment_status":"closed","ping_status":"closed","sticky":false,"template":"","format":"standard","meta":{"sfsi_plus_gutenberg_text_before_share":"","sfsi_plus_gutenberg_show_text_before_share":"","sfsi_plus_gutenberg_icon_type":"","sfsi_plus_gutenberg_icon_alignemt":"","sfsi_plus_gutenburg_max_per_row":"","footnotes":""},"categories":[6,50],"tags":[],"class_list":["post-153986","post","type-post","status-publish","format-standard","has-post-thumbnail","hentry","category-cidades","category-destaque"],"_links":{"self":[{"href":"https:\/\/www.caririemacao.com\/1\/wp-json\/wp\/v2\/posts\/153986","targetHints":{"allow":["GET"]}}],"collection":[{"href":"https:\/\/www.caririemacao.com\/1\/wp-json\/wp\/v2\/posts"}],"about":[{"href":"https:\/\/www.caririemacao.com\/1\/wp-json\/wp\/v2\/types\/post"}],"author":[{"embeddable":true,"href":"https:\/\/www.caririemacao.com\/1\/wp-json\/wp\/v2\/users\/1"}],"replies":[{"embeddable":true,"href":"https:\/\/www.caririemacao.com\/1\/wp-json\/wp\/v2\/comments?post=153986"}],"version-history":[{"count":2,"href":"https:\/\/www.caririemacao.com\/1\/wp-json\/wp\/v2\/posts\/153986\/revisions"}],"predecessor-version":[{"id":154014,"href":"https:\/\/www.caririemacao.com\/1\/wp-json\/wp\/v2\/posts\/153986\/revisions\/154014"}],"wp:featuredmedia":[{"embeddable":true,"href":"https:\/\/www.caririemacao.com\/1\/wp-json\/wp\/v2\/media\/15964"}],"wp:attachment":[{"href":"https:\/\/www.caririemacao.com\/1\/wp-json\/wp\/v2\/media?parent=153986"}],"wp:term":[{"taxonomy":"category","embeddable":true,"href":"https:\/\/www.caririemacao.com\/1\/wp-json\/wp\/v2\/categories?post=153986"},{"taxonomy":"post_tag","embeddable":true,"href":"https:\/\/www.caririemacao.com\/1\/wp-json\/wp\/v2\/tags?post=153986"}],"curies":[{"name":"wp","href":"https:\/\/api.w.org\/{rel}","templated":true}]}}