{"id":153992,"date":"2020-02-18T14:35:29","date_gmt":"2020-02-18T17:35:29","guid":{"rendered":"http:\/\/www.caririemacao.com\/1\/?p=153992"},"modified":"2020-02-18T14:35:30","modified_gmt":"2020-02-18T17:35:30","slug":"com-emenda-do-deputado-welington-roberto-prefeitura-de-sao-jose-dos-cordeiros-adquire-veiculo-e-equipamentos","status":"publish","type":"post","link":"https:\/\/www.caririemacao.com\/1\/2020\/02\/18\/com-emenda-do-deputado-welington-roberto-prefeitura-de-sao-jose-dos-cordeiros-adquire-veiculo-e-equipamentos\/","title":{"rendered":"Com emenda do deputado Welington Roberto, Prefeitura de S\u00e3o Jos\u00e9 dos Cordeiros adquire ve\u00edculo e equipamentos"},"content":{"rendered":"\n<p>A Prefeitura de S\u00e3o Jos\u00e9 dos Cordeiros acaba de adquirir uma camionete para a Secretaria de Sa\u00fade do munic\u00edpio. O ve\u00edculo \u00e9 fruto de uma emenda do deputado federal Wellington Roberto, que destinou R$ 200 mil para compra desse carro e outros equipamentos para a sa\u00fade.<\/p>\n\n\n\n<p>O ve\u00edculo foi licitado e j\u00e1 chegou a S\u00e3o Jos\u00e9 dos Cordeiros. Igualmente foram adquiridos 8 computadores b\u00e1sicos, 3 notebooks, 5 ar condicionados, 4 impressoras a laser, 1 roteador, 1 estabilizador e um 1 switch avan\u00e7ado para melhorar a internet.<\/p>\n\n\n\n<p>O prefeito Jefferson Roberto agradeceu o empenho e compromisso do deputado federal Wellington com S\u00e3o Jos\u00e9 dos Cordeiros e disse que vai continuar focado na execu\u00e7\u00e3o de obras, projetos e benef\u00edcios que foram conquistados ao longo dos \u00faltimos anos de sua gest\u00e3o.<\/p>\n","protected":false},"excerpt":{"rendered":"<p>A Prefeitura de S\u00e3o Jos\u00e9 dos Cordeiros acaba de adquirir uma camionete para a Secretaria de Sa\u00fade do munic\u00edpio. O ve\u00edculo \u00e9 fruto de uma&hellip; <\/p>\n","protected":false},"author":2,"featured_media":153993,"comment_status":"closed","ping_status":"closed","sticky":false,"template":"","format":"standard","meta":{"sfsi_plus_gutenberg_text_before_share":"","sfsi_plus_gutenberg_show_text_before_share":"","sfsi_plus_gutenberg_icon_type":"","sfsi_plus_gutenberg_icon_alignemt":"","sfsi_plus_gutenburg_max_per_row":"","footnotes":""},"categories":[2],"tags":[],"class_list":["post-153992","post","type-post","status-publish","format-standard","has-post-thumbnail","hentry","category-geral"],"_links":{"self":[{"href":"https:\/\/www.caririemacao.com\/1\/wp-json\/wp\/v2\/posts\/153992","targetHints":{"allow":["GET"]}}],"collection":[{"href":"https:\/\/www.caririemacao.com\/1\/wp-json\/wp\/v2\/posts"}],"about":[{"href":"https:\/\/www.caririemacao.com\/1\/wp-json\/wp\/v2\/types\/post"}],"author":[{"embeddable":true,"href":"https:\/\/www.caririemacao.com\/1\/wp-json\/wp\/v2\/users\/2"}],"replies":[{"embeddable":true,"href":"https:\/\/www.caririemacao.com\/1\/wp-json\/wp\/v2\/comments?post=153992"}],"version-history":[{"count":1,"href":"https:\/\/www.caririemacao.com\/1\/wp-json\/wp\/v2\/posts\/153992\/revisions"}],"predecessor-version":[{"id":153994,"href":"https:\/\/www.caririemacao.com\/1\/wp-json\/wp\/v2\/posts\/153992\/revisions\/153994"}],"wp:featuredmedia":[{"embeddable":true,"href":"https:\/\/www.caririemacao.com\/1\/wp-json\/wp\/v2\/media\/153993"}],"wp:attachment":[{"href":"https:\/\/www.caririemacao.com\/1\/wp-json\/wp\/v2\/media?parent=153992"}],"wp:term":[{"taxonomy":"category","embeddable":true,"href":"https:\/\/www.caririemacao.com\/1\/wp-json\/wp\/v2\/categories?post=153992"},{"taxonomy":"post_tag","embeddable":true,"href":"https:\/\/www.caririemacao.com\/1\/wp-json\/wp\/v2\/tags?post=153992"}],"curies":[{"name":"wp","href":"https:\/\/api.w.org\/{rel}","templated":true}]}}