{"id":154006,"date":"2020-02-18T16:07:27","date_gmt":"2020-02-18T19:07:27","guid":{"rendered":"http:\/\/www.caririemacao.com\/1\/?p=154006"},"modified":"2020-02-18T16:07:29","modified_gmt":"2020-02-18T19:07:29","slug":"stj-mantem-liberdade-de-ricardo-coutinho-e-impoe-medidas-cautelares","status":"publish","type":"post","link":"https:\/\/www.caririemacao.com\/1\/2020\/02\/18\/stj-mantem-liberdade-de-ricardo-coutinho-e-impoe-medidas-cautelares\/","title":{"rendered":"STJ mant\u00e9m liberdade de Ricardo Coutinho e imp\u00f5e medidas cautelares"},"content":{"rendered":"\n<p>A Sexta Turma do Superior Tribunal de Justi\u00e7a (STJ) decidiu negar o recurso feito pela Procuradoria Geral da Rep\u00fablica (PGR) contra o ex-governador Ricardo Coutinho. A sess\u00e3o aconteceu na tarde desta ter\u00e7a-feira (18) em Bras\u00edlia.<\/p>\n\n\n\n<p>A ministra Laurita Vaz, relatora da Opera\u00e7\u00e3o Calv\u00e1rio no STJ, votou pela manuten\u00e7\u00e3o da decis\u00e3o do ministro Napole\u00e3o Nunes Maia, que revogou a pris\u00e3o preventiva de Ricardo Coutinho dois dias ap\u00f3s sua pris\u00e3o no \u00e2mbito da Opera\u00e7\u00e3o Calv\u00e1rio.<\/p>\n\n\n\n<p>Laurita Vaz iniciou o voto defendendo o combate \u00e0 corrup\u00e7\u00e3o, mas afirmou que, no caso de Coutinho, n\u00e3o h\u00e1 fundamento para a \u201cmedida extrema\u201d da pris\u00e3o preventiva. Apesar de negar o recurso, ela prop\u00f4s medidas cautelares a Ricardo Coutinho, como o seu comparecimento peri\u00f3dico \u00e0 Justi\u00e7a, proibi\u00e7\u00e3o de manter contato com outros investigados (exceto o irm\u00e3o, Coriolano Coutinho), proibi\u00e7\u00e3o de ausentar-se do local de resid\u00eancia e afastamento de atividades econ\u00f4micas dos empres\u00e1rios investigados.<\/p>\n\n\n\n<p>\u201cO decreto prisional n\u00e3o demonstra de forma categ\u00f3rica de que forma o paciente age de forma delituosa atualmente, pois n\u00e3o exerce mais o cargo de governador. N\u00e3o h\u00e1 no decreto nenhuma refer\u00eancia concreta de quem seriam os agentes que ainda atuariam na orcrim e quais pap\u00e9is ainda desempenham no grupo\u201d, afirmou a ministra.<\/p>\n\n\n\n<p>Ricardo Coutinho \u00e9 acusado de chefiar a organiza\u00e7\u00e3o criminosa que desviou ao menos R$ 134 milh\u00f5es da sa\u00fade e da educa\u00e7\u00e3o na Para\u00edba entre 2011 e 2018.<\/p>\n\n\n\n<p>\u201cN\u00e3o h\u00e1 indica\u00e7\u00f5es concretas de quais atos futuros poderiam ser influenciados pelo paciente\u201d, afirmou, em rela\u00e7\u00e3o ao atual governo da Para\u00edba, comandado por Jo\u00e3o Azev\u00eado, eleito com apoio de Coutinho e tamb\u00e9m investigado.<\/p>\n\n\n\n<p>A ministra ainda se pronunciou sobre o recurso contra os habeas corpus concedidos a outras quatro pessoas presas tamb\u00e9m no \u00e2mbito da Opera\u00e7\u00e3o Calv\u00e1rio: Cl\u00e1udia Veras, ex-secret\u00e1ria de Sa\u00fade; Francisco das Chagas Ferreira, suposto laranja no esquema; M\u00e1rcia Lucena, prefeita de Conde e ex-secret\u00e1ria de Educa\u00e7\u00e3o; e David Clemente Monteiro Correia, empres\u00e1rio suspeito de pagar propina.<\/p>\n\n\n\n<p>Quanto a eles, soltos junto com Coutinho em dezembro, Laurita Vaz tamb\u00e9m considerou que n\u00e3o h\u00e1 necessidade de retorno \u00e0 pris\u00e3o. \u201cDemonstrada que a organiza\u00e7\u00e3o atuaria por influ\u00eancia do paciente, o provimento a ele concedido deve realmente ser estendido aos demais contritos\u201d, afirmou.<\/p>\n\n\n\n<p><strong>Outros votos<\/strong><\/p>\n\n\n\n<p>O ministro Sebasti\u00e3o Reis acompanhou o voto de Laurita Vaz. Ele entendeu que a den\u00fancia contra Ricardo Coutinho j\u00e1 foi apresentada e a fase de investiga\u00e7\u00f5es foi encerrada. Al\u00e9m disso, como Ricardo j\u00e1 deixou o governo, n\u00e3o teria capacidade de influenciar os contratos atuais das \u00e1reas de educa\u00e7\u00e3o e sa\u00fade, focos dos desvios investigados pela Calv\u00e1rio.<\/p>\n\n\n\n<p>J\u00e1 o ministro Rogerio Schietti Cruz divergiu dos votos da relatora e do ministro Sebasti\u00e3o Reis. Ele opinou pelo acolhimento do recurso da PGR para que Ricardo Coutinho fosse preso novamente. O ministro questionou o argumento de que n\u00e3o haveria mais contemporaneidade dos fatos para justificar a pris\u00e3o preventiva.<\/p>\n\n\n\n<p>\u201cSegundo o MP, crimes que foram cometidos durante todo o per\u00edodo da governan\u00e7a do sr. Ricardo Coutinho e portanto denotando estabilidade permanente da orcrim, integrada n\u00e3o s\u00f3 por ele, mas por secret\u00e1rios, servidores p\u00fablicos, procurador-geral do estado, membros do Tribunal de Contas do estado e tamb\u00e9m sobre o atual governador\u201d, disse.<\/p>\n\n\n\n<p>ClickPB<\/p>\n","protected":false},"excerpt":{"rendered":"<p>A Sexta Turma do Superior Tribunal de Justi\u00e7a (STJ) decidiu negar o recurso feito pela Procuradoria Geral da Rep\u00fablica (PGR) contra o ex-governador Ricardo Coutinho.&hellip; <\/p>\n","protected":false},"author":2,"featured_media":154007,"comment_status":"closed","ping_status":"closed","sticky":false,"template":"","format":"standard","meta":{"sfsi_plus_gutenberg_text_before_share":"","sfsi_plus_gutenberg_show_text_before_share":"","sfsi_plus_gutenberg_icon_type":"","sfsi_plus_gutenberg_icon_alignemt":"","sfsi_plus_gutenburg_max_per_row":"","footnotes":""},"categories":[11],"tags":[],"class_list":["post-154006","post","type-post","status-publish","format-standard","has-post-thumbnail","hentry","category-politica"],"_links":{"self":[{"href":"https:\/\/www.caririemacao.com\/1\/wp-json\/wp\/v2\/posts\/154006","targetHints":{"allow":["GET"]}}],"collection":[{"href":"https:\/\/www.caririemacao.com\/1\/wp-json\/wp\/v2\/posts"}],"about":[{"href":"https:\/\/www.caririemacao.com\/1\/wp-json\/wp\/v2\/types\/post"}],"author":[{"embeddable":true,"href":"https:\/\/www.caririemacao.com\/1\/wp-json\/wp\/v2\/users\/2"}],"replies":[{"embeddable":true,"href":"https:\/\/www.caririemacao.com\/1\/wp-json\/wp\/v2\/comments?post=154006"}],"version-history":[{"count":1,"href":"https:\/\/www.caririemacao.com\/1\/wp-json\/wp\/v2\/posts\/154006\/revisions"}],"predecessor-version":[{"id":154008,"href":"https:\/\/www.caririemacao.com\/1\/wp-json\/wp\/v2\/posts\/154006\/revisions\/154008"}],"wp:featuredmedia":[{"embeddable":true,"href":"https:\/\/www.caririemacao.com\/1\/wp-json\/wp\/v2\/media\/154007"}],"wp:attachment":[{"href":"https:\/\/www.caririemacao.com\/1\/wp-json\/wp\/v2\/media?parent=154006"}],"wp:term":[{"taxonomy":"category","embeddable":true,"href":"https:\/\/www.caririemacao.com\/1\/wp-json\/wp\/v2\/categories?post=154006"},{"taxonomy":"post_tag","embeddable":true,"href":"https:\/\/www.caririemacao.com\/1\/wp-json\/wp\/v2\/tags?post=154006"}],"curies":[{"name":"wp","href":"https:\/\/api.w.org\/{rel}","templated":true}]}}