{"id":154011,"date":"2020-02-18T19:56:26","date_gmt":"2020-02-18T22:56:26","guid":{"rendered":"http:\/\/www.caririemacao.com\/1\/?p=154011"},"modified":"2020-02-18T19:56:32","modified_gmt":"2020-02-18T22:56:32","slug":"camara-de-caraubas-aprova-reajuste-salarial-para-os-professores-da-rede-municipal","status":"publish","type":"post","link":"https:\/\/www.caririemacao.com\/1\/2020\/02\/18\/camara-de-caraubas-aprova-reajuste-salarial-para-os-professores-da-rede-municipal\/","title":{"rendered":"C\u00e2mara de Cara\u00fabas aprova reajuste salarial para os professores da rede municipal"},"content":{"rendered":"\n<p>A C\u00e2mara Municipal de Cara\u00fabas aprovou, nesta ter\u00e7a-feira, 18, o reajuste salarial de 13% para professores da rede p\u00fablica. A proposta foi aprovada por unanimidade na casa.<\/p>\n\n\n\n<p>A sess\u00e3o contou com a presen\u00e7a do presid\u00eancia e vereador Jos\u00e9 Franconero (Nero) e dos seus colegas vereadores: Neide, Teinha, Bazoca, Renivan, Nerivan, Tom\u00e1s, Fabinho e In\u00e1cio de Nass\u00fa e da secret\u00e1ria de educa\u00e7\u00e3o Rhayanne Sorayne Fernandes Neves.<\/p>\n\n\n\n<figure class=\"wp-block-image size-large\"><img fetchpriority=\"high\" decoding=\"async\" width=\"1024\" height=\"683\" src=\"http:\/\/www.caririemacao.com\/1\/wp-content\/uploads\/2020\/02\/DSC_5719-1024x683.jpg\" alt=\"\" class=\"wp-image-154018\" srcset=\"https:\/\/www.caririemacao.com\/1\/wp-content\/uploads\/2020\/02\/DSC_5719-1024x683.jpg 1024w, https:\/\/www.caririemacao.com\/1\/wp-content\/uploads\/2020\/02\/DSC_5719-300x200.jpg 300w, https:\/\/www.caririemacao.com\/1\/wp-content\/uploads\/2020\/02\/DSC_5719-768x512.jpg 768w, https:\/\/www.caririemacao.com\/1\/wp-content\/uploads\/2020\/02\/DSC_5719-1536x1024.jpg 1536w, https:\/\/www.caririemacao.com\/1\/wp-content\/uploads\/2020\/02\/DSC_5719.jpg 1600w\" sizes=\"(max-width: 1024px) 100vw, 1024px\" \/><\/figure>\n\n\n\n<p>Na tribuna, a secret\u00e1ria de educa\u00e7\u00e3o de Cara\u00fabas, Rhayanne Fernandes,\nesclareceu acerca do projeto que reajusta o sal\u00e1rio dos professores da rede\np\u00fablica salarial em 13%.<\/p>\n\n\n\n<p>A secret\u00e1ria disse que o reajuste ser\u00e1 pago j\u00e1 neste m\u00eas de fevereiro, al\u00e9m do reajuste retroativo ao m\u00eas de janeiro. \u201c\u00c9 preocupa\u00e7\u00e3o nossa que estes professores sejam reconhecidos, por isso, estamos dando a mais que o piso nacional\u201d. Ela tamb\u00e9m explicou que a secret\u00e1ria est\u00e1 investindo em climatiza\u00e7\u00e3o nas escolas, merendas, transporte escolar e fardamento para todos os alunos para melhorar cada vez mais a educa\u00e7\u00e3o do munic\u00edpio. <\/p>\n\n\n\n<p>Al\u00e9m do projeto do reajuste salarial para professores, os\nvereadores tamb\u00e9m aprovaram mais dois projetos de lei de iniciativa do\nexecutivo. O primeiro se refere ao Projeto de Lei que tem como objetivo a\nabertura de Cr\u00e9dito Especial para que o prefeito Silvano construa, amplie e\nrecupere unidades escolares. <\/p>\n\n\n\n<p>No segundo projeto, os vereadores tamb\u00e9m aprovaram o PL que tem como objeto a constru\u00e7\u00e3o de quadras poliesportivas, al\u00e9m da constru\u00e7\u00e3o, amplia\u00e7\u00e3o e recupera\u00e7\u00e3o de pra\u00e7as p\u00fablicas.<\/p>\n\n\n\n<figure class=\"wp-block-image size-large\"><img decoding=\"async\" width=\"1024\" height=\"683\" data-src=\"http:\/\/www.caririemacao.com\/1\/wp-content\/uploads\/2020\/02\/DSC_5819-1024x683.jpg\" alt=\"\" class=\"wp-image-154025 lazyload\" data-srcset=\"https:\/\/www.caririemacao.com\/1\/wp-content\/uploads\/2020\/02\/DSC_5819-1024x683.jpg 1024w, https:\/\/www.caririemacao.com\/1\/wp-content\/uploads\/2020\/02\/DSC_5819-300x200.jpg 300w, https:\/\/www.caririemacao.com\/1\/wp-content\/uploads\/2020\/02\/DSC_5819-768x512.jpg 768w, https:\/\/www.caririemacao.com\/1\/wp-content\/uploads\/2020\/02\/DSC_5819-1536x1024.jpg 1536w, https:\/\/www.caririemacao.com\/1\/wp-content\/uploads\/2020\/02\/DSC_5819.jpg 1600w\" data-sizes=\"(max-width: 1024px) 100vw, 1024px\" src=\"data:image\/svg+xml;base64,PHN2ZyB3aWR0aD0iMSIgaGVpZ2h0PSIxIiB4bWxucz0iaHR0cDovL3d3dy53My5vcmcvMjAwMC9zdmciPjwvc3ZnPg==\" style=\"--smush-placeholder-width: 1024px; --smush-placeholder-aspect-ratio: 1024\/683;\" \/><\/figure>\n\n\n\n<p>A pedido do vereador Bazoca, o advogado da C\u00e2mara, Dr. Jefferson Sousa, explicou os projetos de lei, principalmente os que referem-se aos cr\u00e9ditos especiais, sendo esclarecido, o presidente colocou em vota\u00e7\u00e3o, sendo aprovados por unanimidade. <\/p>\n\n\n\n<figure class=\"wp-block-image size-large\"><img decoding=\"async\" width=\"1024\" height=\"683\" data-src=\"http:\/\/www.caririemacao.com\/1\/wp-content\/uploads\/2020\/02\/DSC_5701-1024x683.jpg\" alt=\"\" class=\"wp-image-154019 lazyload\" data-srcset=\"https:\/\/www.caririemacao.com\/1\/wp-content\/uploads\/2020\/02\/DSC_5701-1024x683.jpg 1024w, https:\/\/www.caririemacao.com\/1\/wp-content\/uploads\/2020\/02\/DSC_5701-300x200.jpg 300w, https:\/\/www.caririemacao.com\/1\/wp-content\/uploads\/2020\/02\/DSC_5701-768x512.jpg 768w, https:\/\/www.caririemacao.com\/1\/wp-content\/uploads\/2020\/02\/DSC_5701-1536x1024.jpg 1536w, https:\/\/www.caririemacao.com\/1\/wp-content\/uploads\/2020\/02\/DSC_5701.jpg 1600w\" data-sizes=\"(max-width: 1024px) 100vw, 1024px\" src=\"data:image\/svg+xml;base64,PHN2ZyB3aWR0aD0iMSIgaGVpZ2h0PSIxIiB4bWxucz0iaHR0cDovL3d3dy53My5vcmcvMjAwMC9zdmciPjwvc3ZnPg==\" style=\"--smush-placeholder-width: 1024px; --smush-placeholder-aspect-ratio: 1024\/683;\" \/><\/figure>\n\n\n\n<p>No final, o presidente Jos\u00e9 Franconero (Nero) aproveitou para agradecer a presen\u00e7a dos vereadores, secret\u00e1ria e professores que foram a C\u00e2mara Municipal acompanhar os debates do Poder Legislativo. \u201cConvido todos para participar da pr\u00f3xima reuni\u00e3o que acontece dia 03\/03.<\/p>\n\n\n\n<p><a href=\"https:\/\/www.facebook.com\/pg\/CaririEmAcao\/photos\/?tab=album&amp;album_id=1813233285479353\">CLIQUE E VEJA TODAS AS FOTOS.<\/a><\/p>\n\n\n\n<figure class=\"wp-block-embed-facebook wp-block-embed is-type-video is-provider-facebook\"><div class=\"wp-block-embed__wrapper\">\n<div class=\"ose- ose-uid-2c24bb994aac12abfd3ba074421cdd89 ose-embedpress-responsive\" style=\"width:600px; height:550px; max-height:550px; max-width:100%; display:inline-block;\" data-embed-type=\"Facebook\"><iframe allowFullScreen=\"true\" class=\"embera-facebook-iframe-2c24b lazyload\" data-src=\"https:\/\/www.facebook.com\/plugins\/post.php?href=https%3A%2F%2Fwww.facebook.com%2FCaririEmAcao%2Fvideos%2F204562490932555%2F&width=600&height=550&show_text=true\" width=\"600\" height=\"550\" style=\"border:none;overflow:hidden\" scrolling=\"no\" frameborder=\"0\" allowTransparency=\"true\" src=\"data:image\/svg+xml;base64,PHN2ZyB3aWR0aD0iMSIgaGVpZ2h0PSIxIiB4bWxucz0iaHR0cDovL3d3dy53My5vcmcvMjAwMC9zdmciPjwvc3ZnPg==\" data-load-mode=\"1\"><\/iframe><\/div>\n<\/div><\/figure>\n\n\n\n<figure class=\"wp-block-embed-facebook wp-block-embed is-type-video is-provider-facebook\"><div class=\"wp-block-embed__wrapper\">\n<div class=\"ose- ose-uid-efa326e094dfccff9dddfba8d098608f ose-embedpress-responsive\" style=\"width:600px; height:550px; max-height:550px; max-width:100%; display:inline-block;\" data-embed-type=\"Facebook\"><iframe allowFullScreen=\"true\" class=\"embera-facebook-iframe-efa32 lazyload\" data-src=\"https:\/\/www.facebook.com\/plugins\/post.php?href=https%3A%2F%2Fwww.facebook.com%2FCaririEmAcao%2Fvideos%2F135440111025409%2F&width=600&height=550&show_text=true\" width=\"600\" height=\"550\" style=\"border:none;overflow:hidden\" scrolling=\"no\" frameborder=\"0\" allowTransparency=\"true\" src=\"data:image\/svg+xml;base64,PHN2ZyB3aWR0aD0iMSIgaGVpZ2h0PSIxIiB4bWxucz0iaHR0cDovL3d3dy53My5vcmcvMjAwMC9zdmciPjwvc3ZnPg==\" data-load-mode=\"1\"><\/iframe><\/div>\n<\/div><\/figure>\n\n\n\n<p><a href=\"https:\/\/www.facebook.com\/CaririEmAcao\/videos\/204562490932555\/\"> Sess\u00e3o na C\u00e2mara de Vereadores de Cara\u00fabas <\/a><\/p>\n","protected":false},"excerpt":{"rendered":"<p>A C\u00e2mara Municipal de Cara\u00fabas aprovou, nesta ter\u00e7a-feira, 18, o reajuste salarial de 13% para professores da rede p\u00fablica. A proposta foi aprovada por unanimidade&hellip; <\/p>\n","protected":false},"author":1,"featured_media":154024,"comment_status":"closed","ping_status":"closed","sticky":false,"template":"","format":"standard","meta":{"sfsi_plus_gutenberg_text_before_share":"","sfsi_plus_gutenberg_show_text_before_share":"","sfsi_plus_gutenberg_icon_type":"","sfsi_plus_gutenberg_icon_alignemt":"","sfsi_plus_gutenburg_max_per_row":"","footnotes":""},"categories":[6,50],"tags":[],"class_list":["post-154011","post","type-post","status-publish","format-standard","has-post-thumbnail","hentry","category-cidades","category-destaque"],"_links":{"self":[{"href":"https:\/\/www.caririemacao.com\/1\/wp-json\/wp\/v2\/posts\/154011","targetHints":{"allow":["GET"]}}],"collection":[{"href":"https:\/\/www.caririemacao.com\/1\/wp-json\/wp\/v2\/posts"}],"about":[{"href":"https:\/\/www.caririemacao.com\/1\/wp-json\/wp\/v2\/types\/post"}],"author":[{"embeddable":true,"href":"https:\/\/www.caririemacao.com\/1\/wp-json\/wp\/v2\/users\/1"}],"replies":[{"embeddable":true,"href":"https:\/\/www.caririemacao.com\/1\/wp-json\/wp\/v2\/comments?post=154011"}],"version-history":[{"count":7,"href":"https:\/\/www.caririemacao.com\/1\/wp-json\/wp\/v2\/posts\/154011\/revisions"}],"predecessor-version":[{"id":154159,"href":"https:\/\/www.caririemacao.com\/1\/wp-json\/wp\/v2\/posts\/154011\/revisions\/154159"}],"wp:featuredmedia":[{"embeddable":true,"href":"https:\/\/www.caririemacao.com\/1\/wp-json\/wp\/v2\/media\/154024"}],"wp:attachment":[{"href":"https:\/\/www.caririemacao.com\/1\/wp-json\/wp\/v2\/media?parent=154011"}],"wp:term":[{"taxonomy":"category","embeddable":true,"href":"https:\/\/www.caririemacao.com\/1\/wp-json\/wp\/v2\/categories?post=154011"},{"taxonomy":"post_tag","embeddable":true,"href":"https:\/\/www.caririemacao.com\/1\/wp-json\/wp\/v2\/tags?post=154011"}],"curies":[{"name":"wp","href":"https:\/\/api.w.org\/{rel}","templated":true}]}}