{"id":154015,"date":"2020-02-18T19:17:49","date_gmt":"2020-02-18T22:17:49","guid":{"rendered":"http:\/\/www.caririemacao.com\/1\/?p=154015"},"modified":"2020-02-18T19:17:50","modified_gmt":"2020-02-18T22:17:50","slug":"prefeitura-de-ouro-velho-antecipa-pagamento-de-servidores-referente-ao-mes-de-fevereiro","status":"publish","type":"post","link":"https:\/\/www.caririemacao.com\/1\/2020\/02\/18\/prefeitura-de-ouro-velho-antecipa-pagamento-de-servidores-referente-ao-mes-de-fevereiro\/","title":{"rendered":"Prefeitura de Ouro Velho antecipa pagamento de servidores referente ao m\u00eas de fevereiro"},"content":{"rendered":"\n<p>Pautado no planejamento e na organiza\u00e7\u00e3o e responsabilidade, a gest\u00e3o da prefeita Nat\u00e1lia de Dr. J\u00fanior, mais uma vez, antecipa o pagamento dos servidores municipais e os sal\u00e1rios est\u00e3o dispon\u00edveis aos servidores. O pagamento ocorreu nesta ter\u00e7a-feira, dia 18.<\/p>\n\n\n\n<p>\u201cO pagamento dos servidores \u00e9\nprogramado para o ano inteiro e um dos compromissos da gest\u00e3o \u00e9 garantir que\nele seja feito em&nbsp;dia e, quando poss\u00edvel, antecipar os sal\u00e1rios, porque o\nservidor \u00e9 pe\u00e7a fundamental nesse processo de cuidar da cidade\u201d, destacou a\nprefeita Nat\u00e1lia.<\/p>\n\n\n\n<p>Vale destacar que a prefeitura\nvem realizando a antecipa\u00e7\u00e3o dos sal\u00e1rios em v\u00e1rios meses, inclusive no m\u00eas de\njaneiro tamb\u00e9m foram antecipados. <\/p>\n","protected":false},"excerpt":{"rendered":"<p>Pautado no planejamento e na organiza\u00e7\u00e3o e responsabilidade, a gest\u00e3o da prefeita Nat\u00e1lia de Dr. J\u00fanior, mais uma vez, antecipa o pagamento dos servidores municipais&hellip; <\/p>\n","protected":false},"author":1,"featured_media":37605,"comment_status":"closed","ping_status":"closed","sticky":false,"template":"","format":"standard","meta":{"sfsi_plus_gutenberg_text_before_share":"","sfsi_plus_gutenberg_show_text_before_share":"","sfsi_plus_gutenberg_icon_type":"","sfsi_plus_gutenberg_icon_alignemt":"","sfsi_plus_gutenburg_max_per_row":"","footnotes":""},"categories":[6,50],"tags":[],"class_list":["post-154015","post","type-post","status-publish","format-standard","has-post-thumbnail","hentry","category-cidades","category-destaque"],"_links":{"self":[{"href":"https:\/\/www.caririemacao.com\/1\/wp-json\/wp\/v2\/posts\/154015","targetHints":{"allow":["GET"]}}],"collection":[{"href":"https:\/\/www.caririemacao.com\/1\/wp-json\/wp\/v2\/posts"}],"about":[{"href":"https:\/\/www.caririemacao.com\/1\/wp-json\/wp\/v2\/types\/post"}],"author":[{"embeddable":true,"href":"https:\/\/www.caririemacao.com\/1\/wp-json\/wp\/v2\/users\/1"}],"replies":[{"embeddable":true,"href":"https:\/\/www.caririemacao.com\/1\/wp-json\/wp\/v2\/comments?post=154015"}],"version-history":[{"count":1,"href":"https:\/\/www.caririemacao.com\/1\/wp-json\/wp\/v2\/posts\/154015\/revisions"}],"predecessor-version":[{"id":154016,"href":"https:\/\/www.caririemacao.com\/1\/wp-json\/wp\/v2\/posts\/154015\/revisions\/154016"}],"wp:featuredmedia":[{"embeddable":true,"href":"https:\/\/www.caririemacao.com\/1\/wp-json\/wp\/v2\/media\/37605"}],"wp:attachment":[{"href":"https:\/\/www.caririemacao.com\/1\/wp-json\/wp\/v2\/media?parent=154015"}],"wp:term":[{"taxonomy":"category","embeddable":true,"href":"https:\/\/www.caririemacao.com\/1\/wp-json\/wp\/v2\/categories?post=154015"},{"taxonomy":"post_tag","embeddable":true,"href":"https:\/\/www.caririemacao.com\/1\/wp-json\/wp\/v2\/tags?post=154015"}],"curies":[{"name":"wp","href":"https:\/\/api.w.org\/{rel}","templated":true}]}}