{"id":154030,"date":"2020-02-19T06:54:51","date_gmt":"2020-02-19T09:54:51","guid":{"rendered":"http:\/\/www.caririemacao.com\/1\/?p=154030"},"modified":"2020-02-19T06:54:54","modified_gmt":"2020-02-19T09:54:54","slug":"dolar-volta-a-bater-r-435-e-tem-novo-recorde-de-fechamento","status":"publish","type":"post","link":"https:\/\/www.caririemacao.com\/1\/2020\/02\/19\/dolar-volta-a-bater-r-435-e-tem-novo-recorde-de-fechamento\/","title":{"rendered":"D\u00f3lar volta a bater R$ 4,35 e tem novo recorde de fechamento"},"content":{"rendered":"\n<p>O d\u00f3lar fechou em alta nesta ter\u00e7a-feira (18), voltando a bater R$ 4,35, acompanhando o movimento de valoriza\u00e7\u00e3o de moedas seguras no exterior, em meio a temores sobre o impacto econ\u00f4mico do surto de coronav\u00edrus.<\/p>\n\n\n\n<p>No encerramento da sess\u00e3o, a moeda norte-americana subiu 0,64%, a R$ 4,3568, renovando, assim, recorde de fechamento. Antes disso, a maior cota\u00e7\u00e3o havia ocorrido na quarta-feira (12), quando o d\u00f3lar chegou a R$ 4,3505. Na m\u00e1xima da sess\u00e3o, a divisa chegou a R$ 4,3613. J\u00e1 o d\u00f3lar turismo fechou a R$ 4,55, sem considerar a cobran\u00e7a de IOF (Imposto Sobre Opera\u00e7\u00f5es Financeiras). Veja mais cota\u00e7\u00f5es.<\/p>\n\n\n\n<p>Na parcial do m\u00eas, a moeda norte-americana tem alta de 1,68%. No ano, j\u00e1 subiu 8,65%.<\/p>\n\n\n\n<p>A eleva\u00e7\u00e3o da moeda foi impulsionada pelos temores em rela\u00e7\u00e3o \u00e0 dissemina\u00e7\u00e3o do coronav\u00edrus voltaram. O tema voltou ao radar dos agentes financeiros, ap\u00f3s o alerta da Apple de que n\u00e3o conseguir\u00e1 cumprir as metas de receita no per\u00edodo entre janeiro e mar\u00e7o por causa da doen\u00e7a.<\/p>\n\n\n\n<p>J\u00e1 os pre\u00e7os do petr\u00f3leo recuavam p\u00f3s ter subido nas cinco sess\u00f5es anteriores, com o Brent caindo abaixo de US$ 57 por barril.<\/p>\n\n\n\n<p>Al\u00e9m das preocupa\u00e7\u00f5es sobre o impacto do coronav\u00edrus na economia global, o d\u00f3lar mais valorizado nas \u00faltimas semanas tamb\u00e9m tem refletido os juros em m\u00ednimas hist\u00f3ricas no Brasil e as perspectivas sobre o ritmo de crescimento da economia brasileira em 2020.<\/p>\n\n\n\n<p>\u201cNo in\u00edcio do ano, havia otimismo e as previs\u00f5es para o crescimento econ\u00f4mico do Brasil eram superiores a 2%. \u00c0 medida que o ano come\u00e7ou a avan\u00e7ar, as previs\u00f5es tiveram de ser reduzidas significativamente\u201d, disse \u00e0 Reuters You-Na Park-Heger, estrategista de c\u00e2mbio do Commerzbank. Para ela, o mercado continuar\u00e1 focado nos dados nas pr\u00f3ximas semanas e os indicadores \u201cprecisariam ser muito positivos para conter a especula\u00e7\u00e3o sobre mais flexibiliza\u00e7\u00e3o monet\u00e1ria\u201d.<\/p>\n\n\n\n<p>A redu\u00e7\u00e3o sucessiva da Selic desde julho de 2019 diminuiu o diferencial de juros entre Brasil e outros pares emergentes, o que pode tornar o investimento no pa\u00eds menos atrativo para estrangeiros e gerar um fluxo de sa\u00edda de d\u00f3lar. Isso elevaria a cota\u00e7\u00e3o da moeda.<\/p>\n\n\n\n<p><strong>Perspectivas<\/strong><br><\/p>\n\n\n\n<p>O mercado brasileiro manteve a previs\u00e3o para a taxa Selic no fim de 2020 em 4,25% ao ano, segundo pesquisa Focus divulgada nesta segunda-feira. Atualmente, a taxa de juros j\u00e1 est\u00e1 neste patamar.<\/p>\n\n\n\n<p>J\u00e1 a previs\u00e3o do mercado para a alta do PIB em 2020 foi reduzida para 2,23%. A proje\u00e7\u00e3o para a taxa de c\u00e2mbio no fim de 2020 permaneceu em R$ 4,10 por d\u00f3lar. Para o fechamento de 2021, subiu de R$ 4,10 para R$ 4,11 por d\u00f3lar.<\/p>\n\n\n\n<p>Enquanto Legislativo e Executivo exp\u00f5em ru\u00eddos sobre o curso da agenda reformista, departamentos econ\u00f4micos e gestoras come\u00e7am a reduzir as proje\u00e7\u00f5es para o crescimento da economia, citando potenciais efeitos do surto de coronav\u00edrus e a divulga\u00e7\u00e3o de indicadores que sinalizaram um fim de 2019 menos animador para a economia.<\/p>\n\n\n\n<p>A reforma tribut\u00e1ria, a administrativa (que mexe com o funcionalismo p\u00fablico) e a PEC emergencial (a qual aciona gatilhos para evitar o descumprimento de regras fiscais) s\u00e3o as tr\u00eas principais propostas no radar do mercado para 2020. Privatiza\u00e7\u00f5es e mais concess\u00f5es tamb\u00e9m est\u00e3o no cen\u00e1rio.<\/p>\n","protected":false},"excerpt":{"rendered":"<p>O d\u00f3lar fechou em alta nesta ter\u00e7a-feira (18), voltando a bater R$ 4,35, acompanhando o movimento de valoriza\u00e7\u00e3o de moedas seguras no exterior, em meio&hellip; <\/p>\n","protected":false},"author":2,"featured_media":107924,"comment_status":"closed","ping_status":"closed","sticky":false,"template":"","format":"standard","meta":{"sfsi_plus_gutenberg_text_before_share":"","sfsi_plus_gutenberg_show_text_before_share":"","sfsi_plus_gutenberg_icon_type":"","sfsi_plus_gutenberg_icon_alignemt":"","sfsi_plus_gutenburg_max_per_row":"","footnotes":""},"categories":[2],"tags":[],"class_list":["post-154030","post","type-post","status-publish","format-standard","has-post-thumbnail","hentry","category-geral"],"_links":{"self":[{"href":"https:\/\/www.caririemacao.com\/1\/wp-json\/wp\/v2\/posts\/154030","targetHints":{"allow":["GET"]}}],"collection":[{"href":"https:\/\/www.caririemacao.com\/1\/wp-json\/wp\/v2\/posts"}],"about":[{"href":"https:\/\/www.caririemacao.com\/1\/wp-json\/wp\/v2\/types\/post"}],"author":[{"embeddable":true,"href":"https:\/\/www.caririemacao.com\/1\/wp-json\/wp\/v2\/users\/2"}],"replies":[{"embeddable":true,"href":"https:\/\/www.caririemacao.com\/1\/wp-json\/wp\/v2\/comments?post=154030"}],"version-history":[{"count":1,"href":"https:\/\/www.caririemacao.com\/1\/wp-json\/wp\/v2\/posts\/154030\/revisions"}],"predecessor-version":[{"id":154031,"href":"https:\/\/www.caririemacao.com\/1\/wp-json\/wp\/v2\/posts\/154030\/revisions\/154031"}],"wp:featuredmedia":[{"embeddable":true,"href":"https:\/\/www.caririemacao.com\/1\/wp-json\/wp\/v2\/media\/107924"}],"wp:attachment":[{"href":"https:\/\/www.caririemacao.com\/1\/wp-json\/wp\/v2\/media?parent=154030"}],"wp:term":[{"taxonomy":"category","embeddable":true,"href":"https:\/\/www.caririemacao.com\/1\/wp-json\/wp\/v2\/categories?post=154030"},{"taxonomy":"post_tag","embeddable":true,"href":"https:\/\/www.caririemacao.com\/1\/wp-json\/wp\/v2\/tags?post=154030"}],"curies":[{"name":"wp","href":"https:\/\/api.w.org\/{rel}","templated":true}]}}