{"id":154033,"date":"2020-02-19T06:56:15","date_gmt":"2020-02-19T09:56:15","guid":{"rendered":"http:\/\/www.caririemacao.com\/1\/?p=154033"},"modified":"2020-02-19T06:56:18","modified_gmt":"2020-02-19T09:56:18","slug":"pro-reitor-de-pos-graduacao-da-ufcg-diz-que-cortes-em-bolsas-de-pesquisa-sao-irreversiveis","status":"publish","type":"post","link":"https:\/\/www.caririemacao.com\/1\/2020\/02\/19\/pro-reitor-de-pos-graduacao-da-ufcg-diz-que-cortes-em-bolsas-de-pesquisa-sao-irreversiveis\/","title":{"rendered":"Pr\u00f3-reitor de p\u00f3s-gradua\u00e7\u00e3o da UFCG diz que cortes em bolsas de pesquisa s\u00e3o irrevers\u00edveis"},"content":{"rendered":"\n<p>Em entrevista ao Portal ClickPB, o&nbsp;pr\u00f3-reitor de p\u00f3s-gradua\u00e7\u00e3o da UFCG, Benemar Alencar de Souza, disse na tarde desta ter\u00e7a-feira (18) que n\u00e3o h\u00e1 possibilidade de reverter o cancelamento das 218 bolsas que a institui\u00e7\u00e3o sofreu. Segundo ele, a expectativa \u00e9 que o novo programa de fornecimento de bolsas a ser implementado em mar\u00e7o deste ano n\u00e3o afete a m\u00e9dia da institui\u00e7\u00e3o.&nbsp;<\/p>\n\n\n\n<p>&#8220;Temos tradicionalmente uma m\u00e9dia de 800 bolsas de pesquisa em mestrados e doutorados. Esperamos que com as mudan\u00e7as que est\u00e3o para ser&nbsp;anunciadas em mar\u00e7o, se mantenha a m\u00e9dia tradicional da institui\u00e7\u00e3o&#8221;, ressaltando&nbsp;que o contexto de cada universidade deve ser considerado, algo que n\u00e3o foi feito com o epis\u00f3dio&nbsp;<a href=\"https:\/\/www.clickpb.com.br\/paraiba\/ufcg-perde-218-bolsas-de-pesquisa-de-mestrado-e-doutorado-apos-cortes-do-governo-no-orcamento-da-capes-278143.html\">anunciado nesta segunda-feira<\/a>.&nbsp;<\/p>\n\n\n\n<p>Segundo ele, os recentes cortes v\u00e3o contra a pol\u00edtica de fomento das ag\u00eancias de inova\u00e7\u00e3o. &#8220;Esses cortes que foram feitos afetou justamente cursos inovadores, recentes, em compara\u00e7\u00e3o a outros programas de pesquisas. Isso ignora a pol\u00edtica educacional de pioneirismo nas pesquisas. Como pode cursos novos&nbsp;que precisam de mais tempo para alcan\u00e7ar&nbsp;notas acima de 4 na m\u00e9dia do governo, serem alvos de cortes, quando na verdade deveria ser justamente o contr\u00e1rio?&#8221;, considerou.<\/p>\n\n\n\n<p>&#8220;Antes desses cortes a gente contava com cerca de 800 bolsas entre mestrado e doutora, sempre&nbsp;mantivemos esse quantitativo.&nbsp;Fomos duramente penalizados provavelmente por boa parte dos programas serem pioneiros, considerados recentes.&nbsp;Os cursos novos s\u00e3o atribu\u00eddos a nota tr\u00eas e o crit\u00e9rio de cortes foi justamente da nota entre 3 e 4, motivo pelo qual houveram&nbsp;os cortes.&nbsp;N\u00e3o&nbsp;tem programa novo com nota alta, pois exige-se um tempo para que se ascenda nas pesquisas&#8221;, ponderou.<br><\/p>\n\n\n\n<p>De acordo com o ranking de depositantes residentes (nacionais) de patentes de inven\u00e7\u00e3o, a UFPB foi a campe\u00e3 de patentes, com o registro de 94 patentes; e a UFCG ficou em segundo lugar, com 82 patentes registradas.&nbsp;<br><\/p>\n\n\n\n<p>Para o gestor, o&nbsp;governo sinaliza uma mudan\u00e7a no modelo do fornecimento das bolsas e s\u00f3 ap\u00f3s divulga\u00e7\u00e3o \u00e9 que ser\u00e1 poss\u00edvel saber o real impacto desses cortes. &#8220;A partir de mar\u00e7o comece uma nova concess\u00e3o de bolsas.&nbsp;O que a gente espera \u00e9 que eles apresentem um novo modelo, ou se vai fazer ajustes no modelo que havia. A&nbsp;partir do pr\u00f3ximo m\u00eas quando haver\u00e1 as novas concess\u00f5es, vamos ver quais as \u00e1reas de conhecimento que eles consideram estrat\u00e9gicas.&#8221;<\/p>\n","protected":false},"excerpt":{"rendered":"<p>Em entrevista ao Portal ClickPB, o&nbsp;pr\u00f3-reitor de p\u00f3s-gradua\u00e7\u00e3o da UFCG, Benemar Alencar de Souza, disse na tarde desta ter\u00e7a-feira (18) que n\u00e3o h\u00e1 possibilidade de&hellip; <\/p>\n","protected":false},"author":2,"featured_media":154034,"comment_status":"closed","ping_status":"closed","sticky":false,"template":"","format":"standard","meta":{"sfsi_plus_gutenberg_text_before_share":"","sfsi_plus_gutenberg_show_text_before_share":"","sfsi_plus_gutenberg_icon_type":"","sfsi_plus_gutenberg_icon_alignemt":"","sfsi_plus_gutenburg_max_per_row":"","footnotes":""},"categories":[2],"tags":[],"class_list":["post-154033","post","type-post","status-publish","format-standard","has-post-thumbnail","hentry","category-geral"],"_links":{"self":[{"href":"https:\/\/www.caririemacao.com\/1\/wp-json\/wp\/v2\/posts\/154033","targetHints":{"allow":["GET"]}}],"collection":[{"href":"https:\/\/www.caririemacao.com\/1\/wp-json\/wp\/v2\/posts"}],"about":[{"href":"https:\/\/www.caririemacao.com\/1\/wp-json\/wp\/v2\/types\/post"}],"author":[{"embeddable":true,"href":"https:\/\/www.caririemacao.com\/1\/wp-json\/wp\/v2\/users\/2"}],"replies":[{"embeddable":true,"href":"https:\/\/www.caririemacao.com\/1\/wp-json\/wp\/v2\/comments?post=154033"}],"version-history":[{"count":1,"href":"https:\/\/www.caririemacao.com\/1\/wp-json\/wp\/v2\/posts\/154033\/revisions"}],"predecessor-version":[{"id":154035,"href":"https:\/\/www.caririemacao.com\/1\/wp-json\/wp\/v2\/posts\/154033\/revisions\/154035"}],"wp:featuredmedia":[{"embeddable":true,"href":"https:\/\/www.caririemacao.com\/1\/wp-json\/wp\/v2\/media\/154034"}],"wp:attachment":[{"href":"https:\/\/www.caririemacao.com\/1\/wp-json\/wp\/v2\/media?parent=154033"}],"wp:term":[{"taxonomy":"category","embeddable":true,"href":"https:\/\/www.caririemacao.com\/1\/wp-json\/wp\/v2\/categories?post=154033"},{"taxonomy":"post_tag","embeddable":true,"href":"https:\/\/www.caririemacao.com\/1\/wp-json\/wp\/v2\/tags?post=154033"}],"curies":[{"name":"wp","href":"https:\/\/api.w.org\/{rel}","templated":true}]}}