{"id":154040,"date":"2020-02-19T06:58:54","date_gmt":"2020-02-19T09:58:54","guid":{"rendered":"http:\/\/www.caririemacao.com\/1\/?p=154040"},"modified":"2020-02-19T06:58:56","modified_gmt":"2020-02-19T09:58:56","slug":"bolsonaro-sai-em-defesa-de-guedes-e-diz-que-gafes-de-ministro-foram-deslizes","status":"publish","type":"post","link":"https:\/\/www.caririemacao.com\/1\/2020\/02\/19\/bolsonaro-sai-em-defesa-de-guedes-e-diz-que-gafes-de-ministro-foram-deslizes\/","title":{"rendered":"Bolsonaro sai em defesa de Guedes e diz que gafes de ministro foram &#8216;deslizes&#8217;"},"content":{"rendered":"\n<p>&nbsp;O presidente Jair Bolsonaro (sem partido) saiu em defesa do ministro da Economia, Paulo Guedes, que comparou servidores p\u00fablicos a parasitas e disse que o c\u00e2mbio baixo no passado possibilitava que empregadas dom\u00e9sticas pudessem ir \u00e0 Disney. Sem mencionar as declara\u00e7\u00f5es diretamente, Bolsonaro classificou os epis\u00f3dios como &#8220;deslizes&#8221; e elogiou o ministro.<\/p>\n\n\n\n<p>\u2014 Se o Paulo Guedes tem alguns problemas pontuais como todos n\u00f3s temos, \u00e9 muito mais pela sua compet\u00eancia do que por poss\u00edveis deslizes que eu mesmo j\u00e1 cometi muito no passado \u2014 afirmou o presidente durante discurso na cerim\u00f4nia de posse do novo ministro da Casa Civil, o general Walter Braga Netto.<\/p>\n\n\n\n<p>Bolsonaro disse que o governo deve &#8220;muito&#8221; a Paulo Guedes e que o ministro dever\u00e1 ficar na equipe at\u00e9 o fim do seu mandato.<\/p>\n\n\n\n<ul class=\"wp-block-list\"><li><strong>LEIA MAIS:&nbsp;<a href=\"https:\/\/www.clickpb.com.br\/economia\/guedes-diz-que-dolar-alto-e-bom-empregada-domestica-estava-indo-para-disney-uma-festa-danada-277859.html\">Guedes diz que d\u00f3lar alto \u00e9 bom: \u2018empregada dom\u00e9stica estava indo para Disney, uma festa danada\u2019<\/a><\/strong><\/li><\/ul>\n\n\n\n<p>\u2014 O Paulo n\u00e3o pediu para sair, mas tenho certeza que ele vai continuar conosco at\u00e9 o final. Paulo Guedes n\u00e3o \u00e9 militar, mas ainda \u00e9 um jovem aluno do Col\u00e9gio Militar de Belo Horizonte. Muito obrigado por estar entre n\u00f3s &#8211; disse Bolsonaro.<\/p>\n\n\n\n<p>A pol\u00eamica mais recente envolvendo Paulo Guedes aconteceu na semana passada. Em um discurso em evento em Bras\u00edlia, ele disse que o c\u00e2mbio a R$ 1,80 era &#8220;uma festa danada&#8221; e permitia que empregadas dom\u00e9sticas pudessem ir \u00e0 Disney.<\/p>\n\n\n\n<p>\u2014 O c\u00e2mbio n\u00e3o est\u00e1 nervoso, (o c\u00e2mbio) mudou. N\u00e3o tem neg\u00f3cio de c\u00e2mbio a R$ 1,80. Todo mundo indo para a Disneyl\u00e2ndia, empregada dom\u00e9stica indo para Disneyl\u00e2ndia, uma festa danada \u2014 afirmou Guedes.<\/p>\n\n\n\n<ul class=\"wp-block-list\"><li><strong>LEIA MAIS<\/strong>:&nbsp;<a href=\"https:\/\/www.clickpb.com.br\/brasil\/comissao-de-etica-da-presidencia-adia-julgamento-de-denuncia-contra-paulo-guedes-278228.html\">Comiss\u00e3o de \u00c9tica da Presid\u00eancia adia julgamento de den\u00fancia contra Paulo Guedes<\/a><\/li><\/ul>\n\n\n\n<p>Antes disso, no in\u00edcio de fevereiro, Guedes comparou servidores p\u00fablicos a parasitas. A declara\u00e7\u00e3o foi feita durante uma palestra no Rio de Janeiro ao defender a reforma administrativa, uma das principais bandeiras do governo.<\/p>\n\n\n\n<p>\u2014 O governo est\u00e1 quebrado. Gasta 90% da receita toda com sal\u00e1rio e \u00e9 obrigado a dar aumento de sal\u00e1rio. O funcionalismo teve aumento de 50% acima da infla\u00e7\u00e3o, tem estabilidade de emprego, tem aposentadoria generosa, tem tudo, o hospedeiro est\u00e1 morrendo, o cara virou um parasita, o dinheiro n\u00e3o chega no povo e ele quer aumento autom\u00e1tico, n\u00e3o d\u00e1 mais \u2014 disse o ministro na ocasi\u00e3o.<\/p>\n","protected":false},"excerpt":{"rendered":"<p>&nbsp;O presidente Jair Bolsonaro (sem partido) saiu em defesa do ministro da Economia, Paulo Guedes, que comparou servidores p\u00fablicos a parasitas e disse que o&hellip; <\/p>\n","protected":false},"author":2,"featured_media":154041,"comment_status":"closed","ping_status":"closed","sticky":false,"template":"","format":"standard","meta":{"sfsi_plus_gutenberg_text_before_share":"","sfsi_plus_gutenberg_show_text_before_share":"","sfsi_plus_gutenberg_icon_type":"","sfsi_plus_gutenberg_icon_alignemt":"","sfsi_plus_gutenburg_max_per_row":"","footnotes":""},"categories":[11],"tags":[],"class_list":["post-154040","post","type-post","status-publish","format-standard","has-post-thumbnail","hentry","category-politica"],"_links":{"self":[{"href":"https:\/\/www.caririemacao.com\/1\/wp-json\/wp\/v2\/posts\/154040","targetHints":{"allow":["GET"]}}],"collection":[{"href":"https:\/\/www.caririemacao.com\/1\/wp-json\/wp\/v2\/posts"}],"about":[{"href":"https:\/\/www.caririemacao.com\/1\/wp-json\/wp\/v2\/types\/post"}],"author":[{"embeddable":true,"href":"https:\/\/www.caririemacao.com\/1\/wp-json\/wp\/v2\/users\/2"}],"replies":[{"embeddable":true,"href":"https:\/\/www.caririemacao.com\/1\/wp-json\/wp\/v2\/comments?post=154040"}],"version-history":[{"count":1,"href":"https:\/\/www.caririemacao.com\/1\/wp-json\/wp\/v2\/posts\/154040\/revisions"}],"predecessor-version":[{"id":154042,"href":"https:\/\/www.caririemacao.com\/1\/wp-json\/wp\/v2\/posts\/154040\/revisions\/154042"}],"wp:featuredmedia":[{"embeddable":true,"href":"https:\/\/www.caririemacao.com\/1\/wp-json\/wp\/v2\/media\/154041"}],"wp:attachment":[{"href":"https:\/\/www.caririemacao.com\/1\/wp-json\/wp\/v2\/media?parent=154040"}],"wp:term":[{"taxonomy":"category","embeddable":true,"href":"https:\/\/www.caririemacao.com\/1\/wp-json\/wp\/v2\/categories?post=154040"},{"taxonomy":"post_tag","embeddable":true,"href":"https:\/\/www.caririemacao.com\/1\/wp-json\/wp\/v2\/tags?post=154040"}],"curies":[{"name":"wp","href":"https:\/\/api.w.org\/{rel}","templated":true}]}}