{"id":154043,"date":"2020-02-19T07:04:59","date_gmt":"2020-02-19T10:04:59","guid":{"rendered":"http:\/\/www.caririemacao.com\/1\/?p=154043"},"modified":"2020-02-19T07:05:02","modified_gmt":"2020-02-19T10:05:02","slug":"lutadores-paraibanos-vencem-evento-de-mma-no-rio-de-janeiro","status":"publish","type":"post","link":"https:\/\/www.caririemacao.com\/1\/2020\/02\/19\/lutadores-paraibanos-vencem-evento-de-mma-no-rio-de-janeiro\/","title":{"rendered":"Lutadores paraibanos vencem evento de MMA no Rio de Janeiro"},"content":{"rendered":"\n<p>Com apoio do Governo do Estado, por meio da Secretaria de Estado da Juventude, Esporte e Lazer (Sejel), tr\u00eas paraibanos foram campe\u00f5es do Jungle Figth de MMA realizado nesse fim de semana, no Rio de Janeiro. Givanildo Guedes foi o melhor na categoria pena 61 quilos e Eduardo Neves foi campe\u00e3o na peso pesado 120 quilos. J\u00e1 Erisson Silva ficou com o t\u00edtulo na categoria mosca no peso 57 quilos.<\/p>\n\n\n\n<p>Participaram do evento, lutadores da Argentina, Chile e Bol\u00edvia, al\u00e9m dos demais estados brasileiros. \u201cA equipe paraibana s\u00f3 tem a agradecer o apoio do Governo do Estado que disponibilizou as condi\u00e7\u00f5es de disputar essa competi\u00e7\u00e3o de extrema import\u00e2ncia. Dos quatro que foram, apenas um n\u00e3o levou a luta e s\u00f3 pelo detalhe de ter perdido nos pontos\u201d, disse Eduardo Machado, respons\u00e1vel pela equipe.<\/p>\n\n\n\n<figure class=\"wp-block-image\"><img decoding=\"async\" data-src=\"https:\/\/www.clickpb.com.br\/media\/filer_public\/59\/a2\/59a2dd50-d2dc-46bb-b6d7-f752f9ed6ccc\/unnamed_1.jpg\" alt=\"\" src=\"data:image\/svg+xml;base64,PHN2ZyB3aWR0aD0iMSIgaGVpZ2h0PSIxIiB4bWxucz0iaHR0cDovL3d3dy53My5vcmcvMjAwMC9zdmciPjwvc3ZnPg==\" class=\"lazyload\" \/><\/figure>\n\n\n\n<p>Para o secret\u00e1rio da Sejel, Herv\u00e1zio Bezerra, a Para\u00edba vem se destacando nos esportes de luta e o Governo do Estado contribuiu para grandes resultados. \u201cO Governo fez parte de mais uma grande conquista, pois contribuiu para que quatro lutadores de MMA da Para\u00edba conseguissem destaque em um evento internacional, onde tr\u00eas foram campe\u00f5es. Parab\u00e9ns aos que representaram o estado em meio a tantos qualificados que competiram no Jungle Figth\u201d, frisou Herv\u00e1zio.<\/p>\n\n\n\n<p>Ele ainda lembrou do sucesso na realiza\u00e7\u00e3o do Para\u00edba Figth realizado na Vila Ol\u00edmpica Parahyba. \u201cNo ano passado, o gin\u00e1sio principal da Vila ficou lotado com o Para\u00edba Figth de MMA e o p\u00fablico paraibano mostrou que est\u00e1 adepto \u00e0 modalidade\u201d, completou.<\/p>\n\n\n\n<figure class=\"wp-block-image\"><img decoding=\"async\" data-src=\"https:\/\/www.clickpb.com.br\/media\/filer_public\/67\/d4\/67d4c496-d357-40c5-a052-d81db6cac3ff\/unnamed_3.jpg\" alt=\"\" src=\"data:image\/svg+xml;base64,PHN2ZyB3aWR0aD0iMSIgaGVpZ2h0PSIxIiB4bWxucz0iaHR0cDovL3d3dy53My5vcmcvMjAwMC9zdmciPjwvc3ZnPg==\" class=\"lazyload\" \/><\/figure>\n","protected":false},"excerpt":{"rendered":"<p>Com apoio do Governo do Estado, por meio da Secretaria de Estado da Juventude, Esporte e Lazer (Sejel), tr\u00eas paraibanos foram campe\u00f5es do Jungle Figth&hellip; <\/p>\n","protected":false},"author":2,"featured_media":154044,"comment_status":"closed","ping_status":"closed","sticky":false,"template":"","format":"standard","meta":{"sfsi_plus_gutenberg_text_before_share":"","sfsi_plus_gutenberg_show_text_before_share":"","sfsi_plus_gutenberg_icon_type":"","sfsi_plus_gutenberg_icon_alignemt":"","sfsi_plus_gutenburg_max_per_row":"","footnotes":""},"categories":[2],"tags":[],"class_list":["post-154043","post","type-post","status-publish","format-standard","has-post-thumbnail","hentry","category-geral"],"_links":{"self":[{"href":"https:\/\/www.caririemacao.com\/1\/wp-json\/wp\/v2\/posts\/154043","targetHints":{"allow":["GET"]}}],"collection":[{"href":"https:\/\/www.caririemacao.com\/1\/wp-json\/wp\/v2\/posts"}],"about":[{"href":"https:\/\/www.caririemacao.com\/1\/wp-json\/wp\/v2\/types\/post"}],"author":[{"embeddable":true,"href":"https:\/\/www.caririemacao.com\/1\/wp-json\/wp\/v2\/users\/2"}],"replies":[{"embeddable":true,"href":"https:\/\/www.caririemacao.com\/1\/wp-json\/wp\/v2\/comments?post=154043"}],"version-history":[{"count":1,"href":"https:\/\/www.caririemacao.com\/1\/wp-json\/wp\/v2\/posts\/154043\/revisions"}],"predecessor-version":[{"id":154045,"href":"https:\/\/www.caririemacao.com\/1\/wp-json\/wp\/v2\/posts\/154043\/revisions\/154045"}],"wp:featuredmedia":[{"embeddable":true,"href":"https:\/\/www.caririemacao.com\/1\/wp-json\/wp\/v2\/media\/154044"}],"wp:attachment":[{"href":"https:\/\/www.caririemacao.com\/1\/wp-json\/wp\/v2\/media?parent=154043"}],"wp:term":[{"taxonomy":"category","embeddable":true,"href":"https:\/\/www.caririemacao.com\/1\/wp-json\/wp\/v2\/categories?post=154043"},{"taxonomy":"post_tag","embeddable":true,"href":"https:\/\/www.caririemacao.com\/1\/wp-json\/wp\/v2\/tags?post=154043"}],"curies":[{"name":"wp","href":"https:\/\/api.w.org\/{rel}","templated":true}]}}