{"id":154047,"date":"2020-02-19T07:06:34","date_gmt":"2020-02-19T10:06:34","guid":{"rendered":"http:\/\/www.caririemacao.com\/1\/?p=154047"},"modified":"2020-02-19T07:06:36","modified_gmt":"2020-02-19T10:06:36","slug":"flavio-bolsonaro-posta-video-do-corpo-de-capitao-adriano","status":"publish","type":"post","link":"https:\/\/www.caririemacao.com\/1\/2020\/02\/19\/flavio-bolsonaro-posta-video-do-corpo-de-capitao-adriano\/","title":{"rendered":"Flavio Bolsonaro posta v\u00eddeo do corpo de Capit\u00e3o Adriano"},"content":{"rendered":"\n<p>O senador Flavio Bolsonaro causou pol\u00eamica nas redes sociais nesta ter\u00e7a-feira (18) ao compartilhar um v\u00eddeo da aut\u00f3psia do miliciano miliciano Adriano Magalh\u00e3es da N\u00f3brega, ex-oficial do Bope.&nbsp;<\/p>\n\n\n\n<p>&#8220;Per\u00edcia da Bahia (governo PT), diz n\u00e3o ser poss\u00edvel afirmar se Adriano foi torturado. Foram 7 costelas quebradas, coronhada na cabe\u00e7a, queimadura com ferro quente no peito, dois tiros a queima-roupa (um na garganta de baixo p\/cima e outro no t\u00f3rax, que perfurou cora\u00e7\u00e3o e pulm\u00f5es&#8221;, escreveu o senador.<\/p>\n\n\n\n<p>Nas imagens, \u00e9 poss\u00edvel ver um profissional virando o cad\u00e1ver de Adriano, que est\u00e1 n\u00fa em cima da mesa de aut\u00f3psia. A fam\u00edlia Bolsonoro acusa o governo baiano te encomendar a morte do ex-policial.&nbsp; &#8220;Quem foi respons\u00e1vel pela morte do capit\u00e3o Adriano foi a PM da Bahia, do PT. Precisa dizer mais alguma coisa?&#8221;, disse o presidente, que tamb\u00e9m acusou o governador do estado, o petista Rui Costa, de ter &#8220;liga\u00e7\u00f5es criminosas&#8221;.<\/p>\n\n\n\n<p>As imagens s\u00e3o fortes, mas a postagem do senador pode ser&nbsp;<a href=\"https:\/\/twitter.com\/FlavioBolsonaro\/status\/1229823139183546369\">vista aqui.<\/a><\/p>\n\n\n\n<p><strong>Entenda o caso do capit\u00e3o Adriano<\/strong><br><\/p>\n\n\n\n<p>O ex-policial militar Adriano Magalh\u00e3es da N\u00f3brega, conhecido como &#8220;capit\u00e3o Adriano&#8221;, foi morto em uma troca de tiros com a pol\u00edcia na manh\u00e3 do \u00faltimo dia 9 em Esplanada, no interior da Bahia. Foragido desde janeiro do ano passado, ele \u00e9 apontado como chefe do &#8220;Escrit\u00f3rio do Crime&#8221;, mil\u00edcia suspeita pela morte da vereadora do Rio Marielle Franco (PSOL) e seu motorista Anderson Gomes, assassinados em mar\u00e7o de 2018. Al\u00e9m disso, Adriano tamb\u00e9m \u00e9 investigado em outras duas frentes.<\/p>\n\n\n\n<p>A ex-mulher de Adriano, Danielle Mendon\u00e7a, e a m\u00e3e dele, Raimunda Veras Magalh\u00e3es, foram assessoras de Fl\u00e1vio Bolsonaro, filho mais velho do presidente, no Legislativo fluminense. As duas est\u00e3o entre os investigados pelo Minist\u00e9rio P\u00fablico no suposto esquema de &#8220;rachadinha&#8221; (devolu\u00e7\u00e3o de sal\u00e1rios) que teria funcionado no gabinete do parlamentar. Ent\u00e3o deputado estadual, hoje senador, Fl\u00e1vio afirmou que o ex-PM foi torturado. A Secretaria de Seguran\u00e7a P\u00fablica da Bahia repudiou as acusa\u00e7\u00f5es.<\/p>\n\n\n\n<p>Em 2005, Adriano, que estava preso e enfrentava um processo por homic\u00eddio, foi agraciado com a Medalha Tiradentes, mais alta condecora\u00e7\u00e3o da Assembleia Legislativa do Rio, a pedido de Fl\u00e1vio. Bolsonaro chamou o filho para esclarecer essa homenagem. &#8220;Isso tem 15 anos&#8221;, disse Fl\u00e1vio. Ele lembrou que fez quest\u00e3o de pedir para n\u00e3o cremarem o corpo de Adriano (manifestou-se pelo Twitter, quando a Justi\u00e7a j\u00e1 tinha proibido a crema\u00e7\u00e3o), j\u00e1 que &#8220;pelo que soube e como mostrou a revista Veja, ele foi torturado.&#8221;<\/p>\n\n\n\n<p>&#8220;Para falar o qu\u00ea? Com certeza n\u00e3o \u00e9 pra falar sobre n\u00f3s, porque n\u00e3o tem o que falar contra n\u00f3s, n\u00e3o temos envolvimento nenhum com mil\u00edcia&#8221;, disse Bolsonaro, bastante exaltado.<\/p>\n\n\n\n<p>O presidente ainda disse que foi ele quem pediu ao filho que homenageasse o ex-oficial do Batalh\u00e3o de Opera\u00e7\u00f5es Especiais. &#8220;N\u00e3o tem nenhuma senten\u00e7a julgada condenando o capit\u00e3o Adriano por nada, sem querer defend\u00ea-lo&#8221;, prosseguiu Jair Bolsonaro, afirmando que, na \u00e9poca da homenagem, Adriano era um &#8216;her\u00f3i&#8217;.<\/p>\n\n\n\n<p>A ex-mulher e a m\u00e3e de Adriano foram nomeadas no gabinete por indica\u00e7\u00e3o de Fabr\u00edcio Queiroz, investigado por supostamente operar o esquema de &#8220;rachadinha&#8221;. Bolsonaro e o filho encerraram a entrevista quando foram perguntados por que as duas foram contratadas. Seguiram para um evento evang\u00e9lico do pastor RR Soares, na Enseada de Botafogo, zona sul do Rio.<\/p>\n\n\n\n<p>O Escrit\u00f3rio do Crime foi investigado nas opera\u00e7\u00f5es Os Intoc\u00e1veis e Os Intoc\u00e1veis II. Explora grilagem, comete extors\u00f5es e assassinatos por encomendas. Ronnie Lessa, preso sob acusa\u00e7\u00e3o de matar a vereadora Marielle Franco (PSOL) e o motorista Anderson Gomes, em mar\u00e7o de 2018, \u00e9 ligado a essa mil\u00edcia.<\/p>\n","protected":false},"excerpt":{"rendered":"<p>O senador Flavio Bolsonaro causou pol\u00eamica nas redes sociais nesta ter\u00e7a-feira (18) ao compartilhar um v\u00eddeo da aut\u00f3psia do miliciano miliciano Adriano Magalh\u00e3es da N\u00f3brega,&hellip; <\/p>\n","protected":false},"author":2,"featured_media":154048,"comment_status":"closed","ping_status":"closed","sticky":false,"template":"","format":"standard","meta":{"sfsi_plus_gutenberg_text_before_share":"","sfsi_plus_gutenberg_show_text_before_share":"","sfsi_plus_gutenberg_icon_type":"","sfsi_plus_gutenberg_icon_alignemt":"","sfsi_plus_gutenburg_max_per_row":"","footnotes":""},"categories":[2],"tags":[],"class_list":["post-154047","post","type-post","status-publish","format-standard","has-post-thumbnail","hentry","category-geral"],"_links":{"self":[{"href":"https:\/\/www.caririemacao.com\/1\/wp-json\/wp\/v2\/posts\/154047","targetHints":{"allow":["GET"]}}],"collection":[{"href":"https:\/\/www.caririemacao.com\/1\/wp-json\/wp\/v2\/posts"}],"about":[{"href":"https:\/\/www.caririemacao.com\/1\/wp-json\/wp\/v2\/types\/post"}],"author":[{"embeddable":true,"href":"https:\/\/www.caririemacao.com\/1\/wp-json\/wp\/v2\/users\/2"}],"replies":[{"embeddable":true,"href":"https:\/\/www.caririemacao.com\/1\/wp-json\/wp\/v2\/comments?post=154047"}],"version-history":[{"count":1,"href":"https:\/\/www.caririemacao.com\/1\/wp-json\/wp\/v2\/posts\/154047\/revisions"}],"predecessor-version":[{"id":154049,"href":"https:\/\/www.caririemacao.com\/1\/wp-json\/wp\/v2\/posts\/154047\/revisions\/154049"}],"wp:featuredmedia":[{"embeddable":true,"href":"https:\/\/www.caririemacao.com\/1\/wp-json\/wp\/v2\/media\/154048"}],"wp:attachment":[{"href":"https:\/\/www.caririemacao.com\/1\/wp-json\/wp\/v2\/media?parent=154047"}],"wp:term":[{"taxonomy":"category","embeddable":true,"href":"https:\/\/www.caririemacao.com\/1\/wp-json\/wp\/v2\/categories?post=154047"},{"taxonomy":"post_tag","embeddable":true,"href":"https:\/\/www.caririemacao.com\/1\/wp-json\/wp\/v2\/tags?post=154047"}],"curies":[{"name":"wp","href":"https:\/\/api.w.org\/{rel}","templated":true}]}}