{"id":154051,"date":"2020-02-19T07:08:02","date_gmt":"2020-02-19T10:08:02","guid":{"rendered":"http:\/\/www.caririemacao.com\/1\/?p=154051"},"modified":"2020-02-19T07:08:03","modified_gmt":"2020-02-19T10:08:03","slug":"medico-do-huac-aponta-aumento-nos-casos-de-hiv-entre-jovens-e-idosos","status":"publish","type":"post","link":"https:\/\/www.caririemacao.com\/1\/2020\/02\/19\/medico-do-huac-aponta-aumento-nos-casos-de-hiv-entre-jovens-e-idosos\/","title":{"rendered":"M\u00e9dico do HUAC aponta aumento nos casos de HIV entre jovens e idosos"},"content":{"rendered":"\n<p>O m\u00e9dico infectologista do Hospital Universit\u00e1rio Alcides Carneiro (HUAC), Jo\u00e3o Paulo Ribeiro, falou sobre o aumento na detec\u00e7\u00e3o do v\u00edrus HIV entre os jovens.<\/p>\n\n\n\n<p>\u2013 Temos tido problema, principalmente, entre as pessoas mais jovens. O aumento do n\u00famero de casos tem sido muito maior, principalmente nas pessoas entre 15 e 30 anos. A raiz desse problema est\u00e1 na falta do uso do preservativo, que tem sido cada vez mais frequente \u2013 ressaltou.<\/p>\n\n\n\n<p>Durante entrevista concedida a uma emissora de r\u00e1dio local, o infectologista destacou que al\u00e9m dos jovens, muitos idosos t\u00eam sido diagnosticados com a doen\u00e7a.<\/p>\n\n\n\n<p>\u2013 Temos visto que o n\u00famero de casos tem aumentado em idosos. Em idosos tem a particularidade que tem a cultura de n\u00e3o usarem preservativo. Isso tem permanecido, e as equipes de sa\u00fade t\u00eam muita dificuldade em difundir a ideia do uso do preservativo em faixas et\u00e1rias mais avan\u00e7adas \u2013 falou.<\/p>\n\n\n\n<p>O v\u00edrus causador da Aids est\u00e1 presente no sangue, s\u00eamen, secre\u00e7\u00e3o vaginal e leite materno.<\/p>\n\n\n\n<p>A infec\u00e7\u00e3o pode ser transmitida por meio do sexo sem camisinha, m\u00e3e portadora do v\u00edrus pode transmitir para o filho durante a gesta\u00e7\u00e3o, no parto ou na amamenta\u00e7\u00e3o.<\/p>\n\n\n\n<p>Al\u00e9m disso, o v\u00edrus pode ser transmitido pelo compartilhamento de agulha ou seringa com portadores de HIV.<\/p>\n","protected":false},"excerpt":{"rendered":"<p>O m\u00e9dico infectologista do Hospital Universit\u00e1rio Alcides Carneiro (HUAC), Jo\u00e3o Paulo Ribeiro, falou sobre o aumento na detec\u00e7\u00e3o do v\u00edrus HIV entre os jovens. \u2013&hellip; <\/p>\n","protected":false},"author":2,"featured_media":154052,"comment_status":"closed","ping_status":"closed","sticky":false,"template":"","format":"standard","meta":{"sfsi_plus_gutenberg_text_before_share":"","sfsi_plus_gutenberg_show_text_before_share":"","sfsi_plus_gutenberg_icon_type":"","sfsi_plus_gutenberg_icon_alignemt":"","sfsi_plus_gutenburg_max_per_row":"","footnotes":""},"categories":[16],"tags":[],"class_list":["post-154051","post","type-post","status-publish","format-standard","has-post-thumbnail","hentry","category-saude"],"_links":{"self":[{"href":"https:\/\/www.caririemacao.com\/1\/wp-json\/wp\/v2\/posts\/154051","targetHints":{"allow":["GET"]}}],"collection":[{"href":"https:\/\/www.caririemacao.com\/1\/wp-json\/wp\/v2\/posts"}],"about":[{"href":"https:\/\/www.caririemacao.com\/1\/wp-json\/wp\/v2\/types\/post"}],"author":[{"embeddable":true,"href":"https:\/\/www.caririemacao.com\/1\/wp-json\/wp\/v2\/users\/2"}],"replies":[{"embeddable":true,"href":"https:\/\/www.caririemacao.com\/1\/wp-json\/wp\/v2\/comments?post=154051"}],"version-history":[{"count":1,"href":"https:\/\/www.caririemacao.com\/1\/wp-json\/wp\/v2\/posts\/154051\/revisions"}],"predecessor-version":[{"id":154053,"href":"https:\/\/www.caririemacao.com\/1\/wp-json\/wp\/v2\/posts\/154051\/revisions\/154053"}],"wp:featuredmedia":[{"embeddable":true,"href":"https:\/\/www.caririemacao.com\/1\/wp-json\/wp\/v2\/media\/154052"}],"wp:attachment":[{"href":"https:\/\/www.caririemacao.com\/1\/wp-json\/wp\/v2\/media?parent=154051"}],"wp:term":[{"taxonomy":"category","embeddable":true,"href":"https:\/\/www.caririemacao.com\/1\/wp-json\/wp\/v2\/categories?post=154051"},{"taxonomy":"post_tag","embeddable":true,"href":"https:\/\/www.caririemacao.com\/1\/wp-json\/wp\/v2\/tags?post=154051"}],"curies":[{"name":"wp","href":"https:\/\/api.w.org\/{rel}","templated":true}]}}